{"id":904,"date":"2017-08-17T07:31:52","date_gmt":"2017-08-17T05:31:52","guid":{"rendered":"https:\/\/buenavita.fr\/?p=904"},"modified":"2017-08-17T07:31:52","modified_gmt":"2017-08-17T05:31:52","slug":"cafe-contre-maladies-digestives","status":"publish","type":"post","link":"https:\/\/buenavita.fr\/boutique\/cafe-contre-maladies-digestives\/","title":{"rendered":"Le caf\u00e9 contre les maladies digestives"},"content":{"rendered":"<p style=\"text-align: justify;\">Il semblerait que boire du caf\u00e9 r\u00e9glerait bien des probl\u00e8mes d\u2019ordre sanitaire. Apr\u00e8s les \u00e9tudes sur l\u2019effet psychostimulant du caf\u00e9, voil\u00e0 qu\u2019on nous annonce que cette boisson r\u00e9duirait les d\u00e9c\u00e8s caus\u00e9s par les maladies digestives. Focus\u00a0!<!--more--><\/p>\n<p style=\"text-align: justify;\">En plus d\u2019\u00eatre savoureux et \u00e9tonnamment \u00e9nergisant, le caf\u00e9 aurait des bienfaits sur notre organisme, ou plus pr\u00e9cis\u00e9ment contre certaines maladies de notre syst\u00e8me digestif. La nouvelle a \u00e9t\u00e9 annonc\u00e9e par le site web \u00ab\u00a0<a href=\"http:\/\/francais.medscape.com\/\" target=\"_blank\" rel=\"noopener\">Medscape<\/a>\u00a0\u00bb et le quotidien scientifique \u00ab\u00a0<a href=\"http:\/\/annals.org\/aim\" target=\"_blank\" rel=\"noopener\">Annals of Internal Medecine<\/a>\u00a0\u00bb. Consommer r\u00e9guli\u00e8rement au moins deux tasses de petit noir par jour prot\u00e9gerait notre panse. Rien que \u00e7a\u00a0!<\/p>\n<p style=\"text-align: justify;\">Trois \u00e9tudes ont \u00e9t\u00e9 men\u00e9es et r\u00e9parties sur plusieurs ann\u00e9es par 3 \u00e9quipes de chercheurs diff\u00e9rents. \u00c0 ce jour, elles sont d\u2019accord sur le m\u00eame fait\u00a0: le caf\u00e9 est bon pour notre transit intestinal.<\/p>\n<h2 style=\"text-align: justify;\">Un taux de risque baiss\u00e9 jusqu\u2019\u00e0 59\u00a0%<\/h2>\n<p style=\"text-align: justify;\">S\u2019appuyant sur l\u2019\u00e9tude de l\u2019European Prospective Investigation into Cancer and Nutrition, commandit\u00e9e par le Centre International de Recherche sur le Cancer de Lyon, cette observation initiale publi\u00e9e par la suite dans un premier rapport public, fait \u00e9tat de quelques 452\u00a0000 participants dispers\u00e9s dans une dizaine de pays d\u2019Europe.<\/p>\n<p style=\"text-align: justify;\">D\u2019apr\u00e8s les scientifiques en charge des analyses, ing\u00e9rer au minimum trois mugs de caf\u00e9 par jour r\u00e9duit de 12\u00a0% la mortalit\u00e9. \u00c0 partir de cette dose minimum, le risque de d\u00e9c\u00e8s caus\u00e9 par une maladie digestive diminue jusqu\u2019\u00e0 40\u00a0% chez les femmes et 59\u00a0% chez les hommes.<\/p>\n<p style=\"text-align: justify;\"><strong>Aucun effet notoire en dessous de 5 tasses journali\u00e8res<\/strong><\/p>\n<p style=\"text-align: justify;\">Dans la seconde publication, le rapport concerne une autre \u00e9tude orchestr\u00e9e par le MEC. 186\u00a0000 individus ont particip\u00e9 aux besoins des recherches. Les scientifiques ont pu constater que le risque de mourir des suites de maladies digestives est r\u00e9duit \u00e0 partir de 2 \u00e0 3 tasses de caf\u00e9 consomm\u00e9es par jour. La m\u00eame \u00e9tude a permis de d\u00e9duire que la consommation de petit noir a un impact positif sur la lutte contre les cancers, les maladies cardio-vasculaires et les maladies r\u00e9nales ou encore respiratoires.<\/p>\n<p style=\"text-align: justify;\">Autre bonne nouvelle pour les caf\u00e9inomanes\u00a0: selon une publication des chercheurs de l\u2019universit\u00e9 John Hopkins aux \u00c9tats Unis, il n\u2019y a pas d\u2019effet notoire enregistr\u00e9 apr\u00e8s une consommation raisonnable de 3 \u00e0 5 caf\u00e9s par jour.<\/p>\n<p style=\"text-align: justify;\">En somme, si vous buvez du caf\u00e9, vous avez tout bon\u00a0! Boire du caf\u00e9 revient par cons\u00e9quent \u00e0 joindre l\u2019utile \u00e0 l\u2019agr\u00e9able. Vous le d\u00e9sirez long ou frapp\u00e9\u00a0?<\/p>\n<p style=\"text-align: justify;\">Sources\u00a0:<\/p>\n<p style=\"text-align: justify;\"><a href=\"http:\/\/www.medisite.fr\/a-la-une-cafe-la-boisson-qui-reduit-le-risque-de-maladie-digestive.2947310.2035.html\">http:\/\/www.medisite.fr\/a-la-une-cafe-la-boisson-qui-reduit-le-risque-de-maladie-digestive.2947310.2035.html<\/a><\/p>\n","protected":false},"excerpt":{"rendered":"<p>Il semblerait que boire du caf\u00e9 r\u00e9glerait bien des probl\u00e8mes d\u2019ordre sanitaire. Apr\u00e8s les \u00e9tudes sur l\u2019effet psychostimulant du caf\u00e9, voil\u00e0 qu\u2019on nous annonce que cette boisson r\u00e9duirait les d\u00e9c\u00e8s caus\u00e9s par les maladies digestives. Focus\u00a0!<\/p>\n","protected":false},"author":1,"featured_media":906,"comment_status":"open","ping_status":"closed","sticky":false,"template":"","format":"standard","meta":{"_acf_changed":false,"footnotes":""},"categories":[1],"tags":[],"class_list":["post-904","post","type-post","status-publish","format-standard","has-post-thumbnail","hentry","category-blog"],"acf":[],"yoast_head":"<!-- This site is optimized with the Yoast SEO plugin v27.0 - https:\/\/yoast.com\/product\/yoast-seo-wordpress\/ -->\n<title>Le caf\u00e9 contre les maladies digestives - Buenavita<\/title>\n<meta name=\"robots\" content=\"index, follow, max-snippet:-1, max-image-preview:large, max-video-preview:-1\" \/>\n<link rel=\"canonical\" href=\"https:\/\/buenavita.fr\/boutique\/cafe-contre-maladies-digestives\/\" \/>\n<meta property=\"og:locale\" content=\"fr_FR\" \/>\n<meta property=\"og:type\" content=\"article\" \/>\n<meta property=\"og:title\" content=\"Le caf\u00e9 contre les maladies digestives - Buenavita\" \/>\n<meta property=\"og:description\" content=\"Il semblerait que boire du caf\u00e9 r\u00e9glerait bien des probl\u00e8mes d\u2019ordre sanitaire. Apr\u00e8s les \u00e9tudes sur l\u2019effet psychostimulant du caf\u00e9, voil\u00e0 qu\u2019on nous annonce que cette boisson r\u00e9duirait les d\u00e9c\u00e8s caus\u00e9s par les maladies digestives. Focus\u00a0!\" \/>\n<meta property=\"og:url\" content=\"https:\/\/buenavita.fr\/boutique\/cafe-contre-maladies-digestives\/\" \/>\n<meta property=\"og:site_name\" content=\"Buenavita\" \/>\n<meta property=\"article:publisher\" content=\"https:\/\/www.facebook.com\/buenavita.cafe\/\" \/>\n<meta property=\"article:published_time\" content=\"2017-08-17T05:31:52+00:00\" \/>\n<meta property=\"og:image\" content=\"https:\/\/buenavita.fr\/wp-content\/uploads\/2017\/08\/adult-1867743.jpg\" \/>\n\t<meta property=\"og:image:width\" content=\"4000\" \/>\n\t<meta property=\"og:image:height\" content=\"2667\" \/>\n\t<meta property=\"og:image:type\" content=\"image\/jpeg\" \/>\n<meta name=\"author\" content=\"Laurent ROUGIER\" \/>\n<meta name=\"twitter:card\" content=\"summary_large_image\" \/>\n<meta name=\"twitter:creator\" content=\"@CafeBuenavita\" \/>\n<meta name=\"twitter:site\" content=\"@CafeBuenavita\" \/>\n<meta name=\"twitter:label1\" content=\"\u00c9crit par\" \/>\n\t<meta name=\"twitter:data1\" content=\"Laurent ROUGIER\" \/>\n\t<meta name=\"twitter:label2\" content=\"Dur\u00e9e de lecture estim\u00e9e\" \/>\n\t<meta name=\"twitter:data2\" content=\"2 minutes\" \/>\n<script type=\"application\/ld+json\" class=\"yoast-schema-graph\">{\"@context\":\"https:\/\/schema.org\",\"@graph\":[{\"@type\":\"Article\",\"@id\":\"https:\/\/buenavita.fr\/boutique\/cafe-contre-maladies-digestives\/#article\",\"isPartOf\":{\"@id\":\"https:\/\/buenavita.fr\/boutique\/cafe-contre-maladies-digestives\/\"},\"author\":{\"name\":\"Laurent ROUGIER\",\"@id\":\"https:\/\/buenavita.fr\/boutique\/#\/schema\/person\/38f35b5166088ed39c2857c2174f8266\"},\"headline\":\"Le caf\u00e9 contre les maladies digestives\",\"datePublished\":\"2017-08-17T05:31:52+00:00\",\"mainEntityOfPage\":{\"@id\":\"https:\/\/buenavita.fr\/boutique\/cafe-contre-maladies-digestives\/\"},\"wordCount\":438,\"commentCount\":1,\"image\":{\"@id\":\"https:\/\/buenavita.fr\/boutique\/cafe-contre-maladies-digestives\/#primaryimage\"},\"thumbnailUrl\":\"https:\/\/buenavita.fr\/wp-content\/uploads\/2017\/08\/adult-1867743.jpg\",\"articleSection\":[\"Blog\"],\"inLanguage\":\"fr-FR\",\"potentialAction\":[{\"@type\":\"CommentAction\",\"name\":\"Comment\",\"target\":[\"https:\/\/buenavita.fr\/boutique\/cafe-contre-maladies-digestives\/#respond\"]}]},{\"@type\":\"WebPage\",\"@id\":\"https:\/\/buenavita.fr\/boutique\/cafe-contre-maladies-digestives\/\",\"url\":\"https:\/\/buenavita.fr\/boutique\/cafe-contre-maladies-digestives\/\",\"name\":\"Le caf\u00e9 contre les maladies digestives - Buenavita\",\"isPartOf\":{\"@id\":\"https:\/\/buenavita.fr\/boutique\/#website\"},\"primaryImageOfPage\":{\"@id\":\"https:\/\/buenavita.fr\/boutique\/cafe-contre-maladies-digestives\/#primaryimage\"},\"image\":{\"@id\":\"https:\/\/buenavita.fr\/boutique\/cafe-contre-maladies-digestives\/#primaryimage\"},\"thumbnailUrl\":\"https:\/\/buenavita.fr\/wp-content\/uploads\/2017\/08\/adult-1867743.jpg\",\"datePublished\":\"2017-08-17T05:31:52+00:00\",\"author\":{\"@id\":\"https:\/\/buenavita.fr\/boutique\/#\/schema\/person\/38f35b5166088ed39c2857c2174f8266\"},\"breadcrumb\":{\"@id\":\"https:\/\/buenavita.fr\/boutique\/cafe-contre-maladies-digestives\/#breadcrumb\"},\"inLanguage\":\"fr-FR\",\"potentialAction\":[{\"@type\":\"ReadAction\",\"target\":[\"https:\/\/buenavita.fr\/boutique\/cafe-contre-maladies-digestives\/\"]}]},{\"@type\":\"ImageObject\",\"inLanguage\":\"fr-FR\",\"@id\":\"https:\/\/buenavita.fr\/boutique\/cafe-contre-maladies-digestives\/#primaryimage\",\"url\":\"https:\/\/buenavita.fr\/wp-content\/uploads\/2017\/08\/adult-1867743.jpg\",\"contentUrl\":\"https:\/\/buenavita.fr\/wp-content\/uploads\/2017\/08\/adult-1867743.jpg\",\"width\":4000,\"height\":2667,\"caption\":\"maladies digestives\"},{\"@type\":\"BreadcrumbList\",\"@id\":\"https:\/\/buenavita.fr\/boutique\/cafe-contre-maladies-digestives\/#breadcrumb\",\"itemListElement\":[{\"@type\":\"ListItem\",\"position\":1,\"name\":\"Accueil\",\"item\":\"https:\/\/buenavita.fr\/boutique\/\"},{\"@type\":\"ListItem\",\"position\":2,\"name\":\"Le caf\u00e9 contre les maladies digestives\"}]},{\"@type\":\"WebSite\",\"@id\":\"https:\/\/buenavita.fr\/boutique\/#website\",\"url\":\"https:\/\/buenavita.fr\/boutique\/\",\"name\":\"Buenavita\",\"description\":\"100% plaisir - sans allerg\u00e8ne - Eco responsable\",\"potentialAction\":[{\"@type\":\"SearchAction\",\"target\":{\"@type\":\"EntryPoint\",\"urlTemplate\":\"https:\/\/buenavita.fr\/boutique\/?s={search_term_string}\"},\"query-input\":{\"@type\":\"PropertyValueSpecification\",\"valueRequired\":true,\"valueName\":\"search_term_string\"}}],\"inLanguage\":\"fr-FR\"},{\"@type\":\"Person\",\"@id\":\"https:\/\/buenavita.fr\/boutique\/#\/schema\/person\/38f35b5166088ed39c2857c2174f8266\",\"name\":\"Laurent ROUGIER\",\"url\":\"https:\/\/buenavita.fr\/boutique\/author\/_admin_\/\"}]}<\/script>\n<!-- \/ Yoast SEO plugin. -->","yoast_head_json":{"title":"Le caf\u00e9 contre les maladies digestives - Buenavita","robots":{"index":"index","follow":"follow","max-snippet":"max-snippet:-1","max-image-preview":"max-image-preview:large","max-video-preview":"max-video-preview:-1"},"canonical":"https:\/\/buenavita.fr\/boutique\/cafe-contre-maladies-digestives\/","og_locale":"fr_FR","og_type":"article","og_title":"Le caf\u00e9 contre les maladies digestives - Buenavita","og_description":"Il semblerait que boire du caf\u00e9 r\u00e9glerait bien des probl\u00e8mes d\u2019ordre sanitaire. Apr\u00e8s les \u00e9tudes sur l\u2019effet psychostimulant du caf\u00e9, voil\u00e0 qu\u2019on nous annonce que cette boisson r\u00e9duirait les d\u00e9c\u00e8s caus\u00e9s par les maladies digestives. Focus\u00a0!","og_url":"https:\/\/buenavita.fr\/boutique\/cafe-contre-maladies-digestives\/","og_site_name":"Buenavita","article_publisher":"https:\/\/www.facebook.com\/buenavita.cafe\/","article_published_time":"2017-08-17T05:31:52+00:00","og_image":[{"width":4000,"height":2667,"url":"https:\/\/buenavita.fr\/wp-content\/uploads\/2017\/08\/adult-1867743.jpg","type":"image\/jpeg"}],"author":"Laurent ROUGIER","twitter_card":"summary_large_image","twitter_creator":"@CafeBuenavita","twitter_site":"@CafeBuenavita","twitter_misc":{"\u00c9crit par":"Laurent ROUGIER","Dur\u00e9e de lecture estim\u00e9e":"2 minutes"},"schema":{"@context":"https:\/\/schema.org","@graph":[{"@type":"Article","@id":"https:\/\/buenavita.fr\/boutique\/cafe-contre-maladies-digestives\/#article","isPartOf":{"@id":"https:\/\/buenavita.fr\/boutique\/cafe-contre-maladies-digestives\/"},"author":{"name":"Laurent ROUGIER","@id":"https:\/\/buenavita.fr\/boutique\/#\/schema\/person\/38f35b5166088ed39c2857c2174f8266"},"headline":"Le caf\u00e9 contre les maladies digestives","datePublished":"2017-08-17T05:31:52+00:00","mainEntityOfPage":{"@id":"https:\/\/buenavita.fr\/boutique\/cafe-contre-maladies-digestives\/"},"wordCount":438,"commentCount":1,"image":{"@id":"https:\/\/buenavita.fr\/boutique\/cafe-contre-maladies-digestives\/#primaryimage"},"thumbnailUrl":"https:\/\/buenavita.fr\/wp-content\/uploads\/2017\/08\/adult-1867743.jpg","articleSection":["Blog"],"inLanguage":"fr-FR","potentialAction":[{"@type":"CommentAction","name":"Comment","target":["https:\/\/buenavita.fr\/boutique\/cafe-contre-maladies-digestives\/#respond"]}]},{"@type":"WebPage","@id":"https:\/\/buenavita.fr\/boutique\/cafe-contre-maladies-digestives\/","url":"https:\/\/buenavita.fr\/boutique\/cafe-contre-maladies-digestives\/","name":"Le caf\u00e9 contre les maladies digestives - Buenavita","isPartOf":{"@id":"https:\/\/buenavita.fr\/boutique\/#website"},"primaryImageOfPage":{"@id":"https:\/\/buenavita.fr\/boutique\/cafe-contre-maladies-digestives\/#primaryimage"},"image":{"@id":"https:\/\/buenavita.fr\/boutique\/cafe-contre-maladies-digestives\/#primaryimage"},"thumbnailUrl":"https:\/\/buenavita.fr\/wp-content\/uploads\/2017\/08\/adult-1867743.jpg","datePublished":"2017-08-17T05:31:52+00:00","author":{"@id":"https:\/\/buenavita.fr\/boutique\/#\/schema\/person\/38f35b5166088ed39c2857c2174f8266"},"breadcrumb":{"@id":"https:\/\/buenavita.fr\/boutique\/cafe-contre-maladies-digestives\/#breadcrumb"},"inLanguage":"fr-FR","potentialAction":[{"@type":"ReadAction","target":["https:\/\/buenavita.fr\/boutique\/cafe-contre-maladies-digestives\/"]}]},{"@type":"ImageObject","inLanguage":"fr-FR","@id":"https:\/\/buenavita.fr\/boutique\/cafe-contre-maladies-digestives\/#primaryimage","url":"https:\/\/buenavita.fr\/wp-content\/uploads\/2017\/08\/adult-1867743.jpg","contentUrl":"https:\/\/buenavita.fr\/wp-content\/uploads\/2017\/08\/adult-1867743.jpg","width":4000,"height":2667,"caption":"maladies digestives"},{"@type":"BreadcrumbList","@id":"https:\/\/buenavita.fr\/boutique\/cafe-contre-maladies-digestives\/#breadcrumb","itemListElement":[{"@type":"ListItem","position":1,"name":"Accueil","item":"https:\/\/buenavita.fr\/boutique\/"},{"@type":"ListItem","position":2,"name":"Le caf\u00e9 contre les maladies digestives"}]},{"@type":"WebSite","@id":"https:\/\/buenavita.fr\/boutique\/#website","url":"https:\/\/buenavita.fr\/boutique\/","name":"Buenavita","description":"100% plaisir - sans allerg\u00e8ne - Eco responsable","potentialAction":[{"@type":"SearchAction","target":{"@type":"EntryPoint","urlTemplate":"https:\/\/buenavita.fr\/boutique\/?s={search_term_string}"},"query-input":{"@type":"PropertyValueSpecification","valueRequired":true,"valueName":"search_term_string"}}],"inLanguage":"fr-FR"},{"@type":"Person","@id":"https:\/\/buenavita.fr\/boutique\/#\/schema\/person\/38f35b5166088ed39c2857c2174f8266","name":"Laurent ROUGIER","url":"https:\/\/buenavita.fr\/boutique\/author\/_admin_\/"}]}},"jetpack_featured_media_url":"https:\/\/buenavita.fr\/wp-content\/uploads\/2017\/08\/adult-1867743.jpg","_links":{"self":[{"href":"https:\/\/buenavita.fr\/boutique\/wp-json\/wp\/v2\/posts\/904","targetHints":{"allow":["GET"]}}],"collection":[{"href":"https:\/\/buenavita.fr\/boutique\/wp-json\/wp\/v2\/posts"}],"about":[{"href":"https:\/\/buenavita.fr\/boutique\/wp-json\/wp\/v2\/types\/post"}],"author":[{"embeddable":true,"href":"https:\/\/buenavita.fr\/boutique\/wp-json\/wp\/v2\/users\/1"}],"replies":[{"embeddable":true,"href":"https:\/\/buenavita.fr\/boutique\/wp-json\/wp\/v2\/comments?post=904"}],"version-history":[{"count":2,"href":"https:\/\/buenavita.fr\/boutique\/wp-json\/wp\/v2\/posts\/904\/revisions"}],"predecessor-version":[{"id":907,"href":"https:\/\/buenavita.fr\/boutique\/wp-json\/wp\/v2\/posts\/904\/revisions\/907"}],"wp:featuredmedia":[{"embeddable":true,"href":"https:\/\/buenavita.fr\/boutique\/wp-json\/wp\/v2\/media\/906"}],"wp:attachment":[{"href":"https:\/\/buenavita.fr\/boutique\/wp-json\/wp\/v2\/media?parent=904"}],"wp:term":[{"taxonomy":"category","embeddable":true,"href":"https:\/\/buenavita.fr\/boutique\/wp-json\/wp\/v2\/categories?post=904"},{"taxonomy":"post_tag","embeddable":true,"href":"https:\/\/buenavita.fr\/boutique\/wp-json\/wp\/v2\/tags?post=904"}],"curies":[{"name":"wp","href":"https:\/\/api.w.org\/{rel}","templated":true}]}}