{"id":873,"date":"2017-09-25T17:53:20","date_gmt":"2017-09-25T15:53:20","guid":{"rendered":"https:\/\/buenavita.fr\/?p=873"},"modified":"2017-09-25T17:53:20","modified_gmt":"2017-09-25T15:53:20","slug":"cafe-outil-aide-a-vente","status":"publish","type":"post","link":"https:\/\/buenavita.fr\/boutique\/cafe-outil-aide-a-vente\/","title":{"rendered":"le caf\u00e9, comme outil d&rsquo;aide \u00e0 la vente"},"content":{"rendered":"<p style=\"text-align: justify;\">Partout, on nous tend une tasse de caf\u00e9\u00a0! On vous l\u2019accorde\u00a0: chez un ami, en rendez-vous d\u2019affaires ou chez le coiffeur, ce geste est tout ce qu\u2019il y a de plus courant. Mais pourquoi nous offre-t-on r\u00e9ellement un caf\u00e9 ?<\/p>\n<h2 style=\"text-align: justify;\">All\u00e9ger les tensions avec le caf\u00e9<\/h2>\n<p style=\"text-align: justify;\">Dans l\u2019imaginaire collectif, servir du caf\u00e9 dans les moments tendus ou critiques permet de d\u00e9tendre l\u2019atmosph\u00e8re. Ce moment est convivial et nous renvoi donc un sentiment de sympathie.<\/p>\n<p style=\"text-align: justify;\">Siroter du caf\u00e9 tout en discutant n\u2019invite-t-il pas \u00e0 la d\u00e9tente\u00a0?<\/p>\n<h2 style=\"text-align: justify;\">Le caf\u00e9, un outils d&rsquo;aide \u00e0 la vente<\/h2>\n<p style=\"text-align: justify;\">Et oui, si vous \u00eates d\u00e9tendu, vous \u00eates propice \u00e0 d\u00e9penser un peu d&rsquo;argent. C\u2019est donc sans surprise si ces boissons on \u00e9t\u00e9 r\u00e9cup\u00e9r\u00e9es pour un but commercial.<\/p>\n<p style=\"text-align: justify;\">En effet, certains magasins recourent \u00e0 cette nouvelle forme de technique commerciale, pour cr\u00e9er une ambiance conviviale et mettre \u00e0 l\u2019aise leur \u00ab\u00a0aimable client\u00e8le\u00a0\u00bb. Au final, le caf\u00e9 est devenu un outil marketing pour aller \u00e0 la p\u00eache aux clients.<\/p>\n<p style=\"text-align: justify;\">C\u2019est comme dans les salons de coiffure au final\u00a0: vous venez pour faire un soin, mais en attendant d\u2019\u00eatre pris en charge, et pour vous faire patienter, un caf\u00e9 vous est offert\u00a0! Touch\u00e9 par cette attention, vous vous attardez pour une coupe, et pourquoi pas un brushing pendant qu\u2019on y est\u00a0! Bref, gr\u00e2ce au petit noir, le coiffeur aura r\u00e9ussi \u00e0 vous pousser \u00e0 d\u00e9penser plus que ce que vous aviez pr\u00e9vu\u00a0! Malin n\u2019est-ce pas\u00a0?<\/p>\n<h2 style=\"text-align: justify;\">La banque se veut accueillante<\/h2>\n<p style=\"text-align: justify;\">Pour la banque, l\u2019id\u00e9e est de cr\u00e9er une atmosph\u00e8re de calme et de confiance. Quoi de plus naturel en effet que d\u2019offrir une tasse de caf\u00e9 \u00e0 la personne qui nous rend visite\u00a0? Mieux encore, comment d\u00e9cliner quand c\u2019est si gentiment donn\u00e9\u00a0?<\/p>\n<p style=\"text-align: justify;\">Discuter d\u2019un cr\u00e9dit ou d\u2019un d\u00e9couvert avec son gestionnaire de compte et entamer les n\u00e9gociations avec son banquier, un expresso offert par ce dernier \u00e0 la main, est plut\u00f4t plaisant.<\/p>\n<p style=\"text-align: justify;\">Si, autrefois, le coffee-self-service avait le vent en poupe \u2013 les clients remplissaient alors eux-m\u00eames leurs tasses \u2014, d\u00e9sormais, votre banquier rev\u00eat l\u2019habit du serviteur d\u00e9vou\u00e9 (par ailleurs sa signature \u00e0 chaque fin de courrier) et vous sert un mug de caf\u00e9 chaud et revivifiant. On aurait presque envie de lui demander d\u2019apporter des biscuits pour accompagner le tout.<\/p>\n<h2 style=\"text-align: justify;\">En conclusion<\/h2>\n<p style=\"text-align: justify;\">N\u2019allez pas croire qu\u2019une centaine de tasses par jour ruinerait votre banquier ou votre coiffeur.<\/p>\n<p>Le but n&rsquo;est pas forcement de profiter de vous ! Certain vendeur sont honn\u00eate et il est plut\u00f4t agr\u00e9able de se d\u00e9tendre autour d&rsquo;un caf\u00e9 non ?<\/p>\n<p>&nbsp;<\/p>\n","protected":false},"excerpt":{"rendered":"<p>Partout, on nous tend une tasse de caf\u00e9\u00a0! On vous l\u2019accorde\u00a0: chez un ami, en rendez-vous d\u2019affaires ou chez le coiffeur, ce geste est tout ce qu\u2019il y a de plus courant. Mais pourquoi nous offre-t-on r\u00e9ellement un caf\u00e9 ? All\u00e9ger les tensions avec le caf\u00e9 Dans l\u2019imaginaire collectif, servir du caf\u00e9 dans les moments &hellip; <a href=\"https:\/\/buenavita.fr\/boutique\/cafe-outil-aide-a-vente\/\" class=\"more-link\">Continuer la lecture<span class=\"screen-reader-text\"> de &laquo;&nbsp;le caf\u00e9, comme outil d&rsquo;aide \u00e0 la vente&nbsp;&raquo;<\/span><\/a><\/p>\n","protected":false},"author":1,"featured_media":875,"comment_status":"open","ping_status":"closed","sticky":false,"template":"","format":"standard","meta":{"_acf_changed":false,"footnotes":""},"categories":[1,49],"tags":[],"class_list":["post-873","post","type-post","status-publish","format-standard","has-post-thumbnail","hentry","category-blog","category-les-actus"],"acf":[],"yoast_head":"<!-- This site is optimized with the Yoast SEO plugin v27.0 - https:\/\/yoast.com\/product\/yoast-seo-wordpress\/ -->\n<title>le caf\u00e9, comme outil d&#039;aide \u00e0 la vente - Buenavita<\/title>\n<meta name=\"robots\" content=\"index, follow, max-snippet:-1, max-image-preview:large, max-video-preview:-1\" \/>\n<link rel=\"canonical\" href=\"https:\/\/buenavita.fr\/boutique\/cafe-outil-aide-a-vente\/\" \/>\n<meta property=\"og:locale\" content=\"fr_FR\" \/>\n<meta property=\"og:type\" content=\"article\" \/>\n<meta property=\"og:title\" content=\"le caf\u00e9, comme outil d&#039;aide \u00e0 la vente - Buenavita\" \/>\n<meta property=\"og:description\" content=\"Partout, on nous tend une tasse de caf\u00e9\u00a0! On vous l\u2019accorde\u00a0: chez un ami, en rendez-vous d\u2019affaires ou chez le coiffeur, ce geste est tout ce qu\u2019il y a de plus courant. Mais pourquoi nous offre-t-on r\u00e9ellement un caf\u00e9 ? All\u00e9ger les tensions avec le caf\u00e9 Dans l\u2019imaginaire collectif, servir du caf\u00e9 dans les moments &hellip; Continuer la lecture de &laquo;&nbsp;le caf\u00e9, comme outil d&rsquo;aide \u00e0 la vente&nbsp;&raquo;\" \/>\n<meta property=\"og:url\" content=\"https:\/\/buenavita.fr\/boutique\/cafe-outil-aide-a-vente\/\" \/>\n<meta property=\"og:site_name\" content=\"Buenavita\" \/>\n<meta property=\"article:publisher\" content=\"https:\/\/www.facebook.com\/buenavita.cafe\/\" \/>\n<meta property=\"article:published_time\" content=\"2017-09-25T15:53:20+00:00\" \/>\n<meta property=\"og:image\" content=\"https:\/\/buenavita.fr\/wp-content\/uploads\/2017\/07\/organization-582919_1920.jpg\" \/>\n\t<meta property=\"og:image:width\" content=\"1920\" \/>\n\t<meta property=\"og:image:height\" content=\"1276\" \/>\n\t<meta property=\"og:image:type\" content=\"image\/jpeg\" \/>\n<meta name=\"author\" content=\"Laurent ROUGIER\" \/>\n<meta name=\"twitter:card\" content=\"summary_large_image\" \/>\n<meta name=\"twitter:creator\" content=\"@CafeBuenavita\" \/>\n<meta name=\"twitter:site\" content=\"@CafeBuenavita\" \/>\n<meta name=\"twitter:label1\" content=\"\u00c9crit par\" \/>\n\t<meta name=\"twitter:data1\" content=\"Laurent ROUGIER\" \/>\n\t<meta name=\"twitter:label2\" content=\"Dur\u00e9e de lecture estim\u00e9e\" \/>\n\t<meta name=\"twitter:data2\" content=\"2 minutes\" \/>\n<script type=\"application\/ld+json\" class=\"yoast-schema-graph\">{\"@context\":\"https:\/\/schema.org\",\"@graph\":[{\"@type\":\"Article\",\"@id\":\"https:\/\/buenavita.fr\/boutique\/cafe-outil-aide-a-vente\/#article\",\"isPartOf\":{\"@id\":\"https:\/\/buenavita.fr\/boutique\/cafe-outil-aide-a-vente\/\"},\"author\":{\"name\":\"Laurent ROUGIER\",\"@id\":\"https:\/\/buenavita.fr\/boutique\/#\/schema\/person\/38f35b5166088ed39c2857c2174f8266\"},\"headline\":\"le caf\u00e9, comme outil d&rsquo;aide \u00e0 la vente\",\"datePublished\":\"2017-09-25T15:53:20+00:00\",\"mainEntityOfPage\":{\"@id\":\"https:\/\/buenavita.fr\/boutique\/cafe-outil-aide-a-vente\/\"},\"wordCount\":462,\"commentCount\":0,\"image\":{\"@id\":\"https:\/\/buenavita.fr\/boutique\/cafe-outil-aide-a-vente\/#primaryimage\"},\"thumbnailUrl\":\"https:\/\/buenavita.fr\/wp-content\/uploads\/2017\/07\/organization-582919_1920.jpg\",\"articleSection\":[\"Blog\",\"Les Actus\"],\"inLanguage\":\"fr-FR\",\"potentialAction\":[{\"@type\":\"CommentAction\",\"name\":\"Comment\",\"target\":[\"https:\/\/buenavita.fr\/boutique\/cafe-outil-aide-a-vente\/#respond\"]}]},{\"@type\":\"WebPage\",\"@id\":\"https:\/\/buenavita.fr\/boutique\/cafe-outil-aide-a-vente\/\",\"url\":\"https:\/\/buenavita.fr\/boutique\/cafe-outil-aide-a-vente\/\",\"name\":\"le caf\u00e9, comme outil d'aide \u00e0 la vente - Buenavita\",\"isPartOf\":{\"@id\":\"https:\/\/buenavita.fr\/boutique\/#website\"},\"primaryImageOfPage\":{\"@id\":\"https:\/\/buenavita.fr\/boutique\/cafe-outil-aide-a-vente\/#primaryimage\"},\"image\":{\"@id\":\"https:\/\/buenavita.fr\/boutique\/cafe-outil-aide-a-vente\/#primaryimage\"},\"thumbnailUrl\":\"https:\/\/buenavita.fr\/wp-content\/uploads\/2017\/07\/organization-582919_1920.jpg\",\"datePublished\":\"2017-09-25T15:53:20+00:00\",\"author\":{\"@id\":\"https:\/\/buenavita.fr\/boutique\/#\/schema\/person\/38f35b5166088ed39c2857c2174f8266\"},\"breadcrumb\":{\"@id\":\"https:\/\/buenavita.fr\/boutique\/cafe-outil-aide-a-vente\/#breadcrumb\"},\"inLanguage\":\"fr-FR\",\"potentialAction\":[{\"@type\":\"ReadAction\",\"target\":[\"https:\/\/buenavita.fr\/boutique\/cafe-outil-aide-a-vente\/\"]}]},{\"@type\":\"ImageObject\",\"inLanguage\":\"fr-FR\",\"@id\":\"https:\/\/buenavita.fr\/boutique\/cafe-outil-aide-a-vente\/#primaryimage\",\"url\":\"https:\/\/buenavita.fr\/wp-content\/uploads\/2017\/07\/organization-582919_1920.jpg\",\"contentUrl\":\"https:\/\/buenavita.fr\/wp-content\/uploads\/2017\/07\/organization-582919_1920.jpg\",\"width\":1920,\"height\":1276,\"caption\":\"caf\u00e9 vente\"},{\"@type\":\"BreadcrumbList\",\"@id\":\"https:\/\/buenavita.fr\/boutique\/cafe-outil-aide-a-vente\/#breadcrumb\",\"itemListElement\":[{\"@type\":\"ListItem\",\"position\":1,\"name\":\"Accueil\",\"item\":\"https:\/\/buenavita.fr\/boutique\/\"},{\"@type\":\"ListItem\",\"position\":2,\"name\":\"le caf\u00e9, comme outil d&rsquo;aide \u00e0 la vente\"}]},{\"@type\":\"WebSite\",\"@id\":\"https:\/\/buenavita.fr\/boutique\/#website\",\"url\":\"https:\/\/buenavita.fr\/boutique\/\",\"name\":\"Buenavita\",\"description\":\"100% plaisir - sans allerg\u00e8ne - Eco responsable\",\"potentialAction\":[{\"@type\":\"SearchAction\",\"target\":{\"@type\":\"EntryPoint\",\"urlTemplate\":\"https:\/\/buenavita.fr\/boutique\/?s={search_term_string}\"},\"query-input\":{\"@type\":\"PropertyValueSpecification\",\"valueRequired\":true,\"valueName\":\"search_term_string\"}}],\"inLanguage\":\"fr-FR\"},{\"@type\":\"Person\",\"@id\":\"https:\/\/buenavita.fr\/boutique\/#\/schema\/person\/38f35b5166088ed39c2857c2174f8266\",\"name\":\"Laurent ROUGIER\",\"url\":\"https:\/\/buenavita.fr\/boutique\/author\/_admin_\/\"}]}<\/script>\n<!-- \/ Yoast SEO plugin. -->","yoast_head_json":{"title":"le caf\u00e9, comme outil d'aide \u00e0 la vente - Buenavita","robots":{"index":"index","follow":"follow","max-snippet":"max-snippet:-1","max-image-preview":"max-image-preview:large","max-video-preview":"max-video-preview:-1"},"canonical":"https:\/\/buenavita.fr\/boutique\/cafe-outil-aide-a-vente\/","og_locale":"fr_FR","og_type":"article","og_title":"le caf\u00e9, comme outil d'aide \u00e0 la vente - Buenavita","og_description":"Partout, on nous tend une tasse de caf\u00e9\u00a0! On vous l\u2019accorde\u00a0: chez un ami, en rendez-vous d\u2019affaires ou chez le coiffeur, ce geste est tout ce qu\u2019il y a de plus courant. Mais pourquoi nous offre-t-on r\u00e9ellement un caf\u00e9 ? All\u00e9ger les tensions avec le caf\u00e9 Dans l\u2019imaginaire collectif, servir du caf\u00e9 dans les moments &hellip; Continuer la lecture de &laquo;&nbsp;le caf\u00e9, comme outil d&rsquo;aide \u00e0 la vente&nbsp;&raquo;","og_url":"https:\/\/buenavita.fr\/boutique\/cafe-outil-aide-a-vente\/","og_site_name":"Buenavita","article_publisher":"https:\/\/www.facebook.com\/buenavita.cafe\/","article_published_time":"2017-09-25T15:53:20+00:00","og_image":[{"width":1920,"height":1276,"url":"https:\/\/buenavita.fr\/wp-content\/uploads\/2017\/07\/organization-582919_1920.jpg","type":"image\/jpeg"}],"author":"Laurent ROUGIER","twitter_card":"summary_large_image","twitter_creator":"@CafeBuenavita","twitter_site":"@CafeBuenavita","twitter_misc":{"\u00c9crit par":"Laurent ROUGIER","Dur\u00e9e de lecture estim\u00e9e":"2 minutes"},"schema":{"@context":"https:\/\/schema.org","@graph":[{"@type":"Article","@id":"https:\/\/buenavita.fr\/boutique\/cafe-outil-aide-a-vente\/#article","isPartOf":{"@id":"https:\/\/buenavita.fr\/boutique\/cafe-outil-aide-a-vente\/"},"author":{"name":"Laurent ROUGIER","@id":"https:\/\/buenavita.fr\/boutique\/#\/schema\/person\/38f35b5166088ed39c2857c2174f8266"},"headline":"le caf\u00e9, comme outil d&rsquo;aide \u00e0 la vente","datePublished":"2017-09-25T15:53:20+00:00","mainEntityOfPage":{"@id":"https:\/\/buenavita.fr\/boutique\/cafe-outil-aide-a-vente\/"},"wordCount":462,"commentCount":0,"image":{"@id":"https:\/\/buenavita.fr\/boutique\/cafe-outil-aide-a-vente\/#primaryimage"},"thumbnailUrl":"https:\/\/buenavita.fr\/wp-content\/uploads\/2017\/07\/organization-582919_1920.jpg","articleSection":["Blog","Les Actus"],"inLanguage":"fr-FR","potentialAction":[{"@type":"CommentAction","name":"Comment","target":["https:\/\/buenavita.fr\/boutique\/cafe-outil-aide-a-vente\/#respond"]}]},{"@type":"WebPage","@id":"https:\/\/buenavita.fr\/boutique\/cafe-outil-aide-a-vente\/","url":"https:\/\/buenavita.fr\/boutique\/cafe-outil-aide-a-vente\/","name":"le caf\u00e9, comme outil d'aide \u00e0 la vente - Buenavita","isPartOf":{"@id":"https:\/\/buenavita.fr\/boutique\/#website"},"primaryImageOfPage":{"@id":"https:\/\/buenavita.fr\/boutique\/cafe-outil-aide-a-vente\/#primaryimage"},"image":{"@id":"https:\/\/buenavita.fr\/boutique\/cafe-outil-aide-a-vente\/#primaryimage"},"thumbnailUrl":"https:\/\/buenavita.fr\/wp-content\/uploads\/2017\/07\/organization-582919_1920.jpg","datePublished":"2017-09-25T15:53:20+00:00","author":{"@id":"https:\/\/buenavita.fr\/boutique\/#\/schema\/person\/38f35b5166088ed39c2857c2174f8266"},"breadcrumb":{"@id":"https:\/\/buenavita.fr\/boutique\/cafe-outil-aide-a-vente\/#breadcrumb"},"inLanguage":"fr-FR","potentialAction":[{"@type":"ReadAction","target":["https:\/\/buenavita.fr\/boutique\/cafe-outil-aide-a-vente\/"]}]},{"@type":"ImageObject","inLanguage":"fr-FR","@id":"https:\/\/buenavita.fr\/boutique\/cafe-outil-aide-a-vente\/#primaryimage","url":"https:\/\/buenavita.fr\/wp-content\/uploads\/2017\/07\/organization-582919_1920.jpg","contentUrl":"https:\/\/buenavita.fr\/wp-content\/uploads\/2017\/07\/organization-582919_1920.jpg","width":1920,"height":1276,"caption":"caf\u00e9 vente"},{"@type":"BreadcrumbList","@id":"https:\/\/buenavita.fr\/boutique\/cafe-outil-aide-a-vente\/#breadcrumb","itemListElement":[{"@type":"ListItem","position":1,"name":"Accueil","item":"https:\/\/buenavita.fr\/boutique\/"},{"@type":"ListItem","position":2,"name":"le caf\u00e9, comme outil d&rsquo;aide \u00e0 la vente"}]},{"@type":"WebSite","@id":"https:\/\/buenavita.fr\/boutique\/#website","url":"https:\/\/buenavita.fr\/boutique\/","name":"Buenavita","description":"100% plaisir - sans allerg\u00e8ne - Eco responsable","potentialAction":[{"@type":"SearchAction","target":{"@type":"EntryPoint","urlTemplate":"https:\/\/buenavita.fr\/boutique\/?s={search_term_string}"},"query-input":{"@type":"PropertyValueSpecification","valueRequired":true,"valueName":"search_term_string"}}],"inLanguage":"fr-FR"},{"@type":"Person","@id":"https:\/\/buenavita.fr\/boutique\/#\/schema\/person\/38f35b5166088ed39c2857c2174f8266","name":"Laurent ROUGIER","url":"https:\/\/buenavita.fr\/boutique\/author\/_admin_\/"}]}},"jetpack_featured_media_url":"https:\/\/buenavita.fr\/wp-content\/uploads\/2017\/07\/organization-582919_1920.jpg","_links":{"self":[{"href":"https:\/\/buenavita.fr\/boutique\/wp-json\/wp\/v2\/posts\/873","targetHints":{"allow":["GET"]}}],"collection":[{"href":"https:\/\/buenavita.fr\/boutique\/wp-json\/wp\/v2\/posts"}],"about":[{"href":"https:\/\/buenavita.fr\/boutique\/wp-json\/wp\/v2\/types\/post"}],"author":[{"embeddable":true,"href":"https:\/\/buenavita.fr\/boutique\/wp-json\/wp\/v2\/users\/1"}],"replies":[{"embeddable":true,"href":"https:\/\/buenavita.fr\/boutique\/wp-json\/wp\/v2\/comments?post=873"}],"version-history":[{"count":4,"href":"https:\/\/buenavita.fr\/boutique\/wp-json\/wp\/v2\/posts\/873\/revisions"}],"predecessor-version":[{"id":1015,"href":"https:\/\/buenavita.fr\/boutique\/wp-json\/wp\/v2\/posts\/873\/revisions\/1015"}],"wp:featuredmedia":[{"embeddable":true,"href":"https:\/\/buenavita.fr\/boutique\/wp-json\/wp\/v2\/media\/875"}],"wp:attachment":[{"href":"https:\/\/buenavita.fr\/boutique\/wp-json\/wp\/v2\/media?parent=873"}],"wp:term":[{"taxonomy":"category","embeddable":true,"href":"https:\/\/buenavita.fr\/boutique\/wp-json\/wp\/v2\/categories?post=873"},{"taxonomy":"post_tag","embeddable":true,"href":"https:\/\/buenavita.fr\/boutique\/wp-json\/wp\/v2\/tags?post=873"}],"curies":[{"name":"wp","href":"https:\/\/api.w.org\/{rel}","templated":true}]}}