{"id":861,"date":"2017-09-05T14:09:55","date_gmt":"2017-09-05T12:09:55","guid":{"rendered":"https:\/\/buenavita.fr\/?p=861"},"modified":"2017-09-05T14:10:46","modified_gmt":"2017-09-05T12:10:46","slug":"cafe-reduit-risque-de-diabete","status":"publish","type":"post","link":"https:\/\/buenavita.fr\/boutique\/cafe-reduit-risque-de-diabete\/","title":{"rendered":"Le caf\u00e9 r\u00e9duit le risque de diab\u00e8te"},"content":{"rendered":"<p style=\"text-align: justify;\">Les\u00a0bienfaits\u00a0insoup\u00e7onn\u00e9s du\u00a0caf\u00e9\u00a0sont nombreux. De l\u2019expresso au caf\u00e9 noir en passant par la d\u00e9ca et la version torr\u00e9fi\u00e9e, le caf\u00e9 s\u2019est b\u00e2ti une r\u00e9putation avec plus de vertus que d\u2019inconv\u00e9nients. La qualit\u00e9 principale des pr\u00e9cieux <a href=\"https:\/\/buenavita.fr\/boutique\/cafe-grains-latino\/\">grains de caf\u00e9<\/a> \u00e9tant de prot\u00e9ger le consommateur du diab\u00e8te de type\u00a02. Alors, le\u00a0caf\u00e9 ennemi du diab\u00e8te ?<\/p>\n<p style=\"text-align: justify;\">Une \u00e9tude men\u00e9e par des sp\u00e9cialistes en endocrinologie et neurologie de Wuhan, Kun Huang et Ling Zheng, a d\u00e9montr\u00e9 qu\u2019il existe une corr\u00e9lation entre la consommation de caf\u00e9 et la r\u00e9duction des risques de souffrir du diab\u00e8te de type\u00a02.<\/p>\n<h2>Les chiffres<\/h2>\n<p style=\"text-align: justify;\">Leurs recherches ont r\u00e9v\u00e9l\u00e9 que les sujets buvant au moins 4 tasses de caf\u00e9 par jour r\u00e9duisent de 50\u00a0% leur chance de devenir diab\u00e9tique. Les risques sont diminu\u00e9s de 7\u00a0% de plus pour chaque tasse suppl\u00e9mentaire. D\u2019autres \u00e9tudes \u00e0 court terme ont \u00e9galement montr\u00e9 que les coffee-addicts et qui consomment beaucoup de caf\u00e9 pr\u00e9sentent rarement un taux d\u2019insuline et de glyc\u00e9mie \u00e9lev\u00e9.<\/p>\n<p style=\"text-align: justify;\">On a aussi pu constater une am\u00e9lioration des fonctions des cellules adipeuses et du foie des sujets gr\u00e2ce \u00e0 l\u2019augmentation des taux d\u2019hormones b\u00e9n\u00e9fiques telles que l\u2019adiponectine. Par ailleurs, deux composantes du caf\u00e9 ont \u00e9t\u00e9 identifi\u00e9es comme \u00e9tant capables d\u2019inhiber l\u2019action de l\u2019hiAPP (human islet amyloif peptide) qui est la cause du diab\u00e8te de type\u00a02.<\/p>\n<p style=\"text-align: justify;\">La consommation de caf\u00e9 aurait un impact positif pour mieux lutter contre le diab\u00e8te\u00a02. Il s\u2019av\u00e8re effectivement que les amateurs de caf\u00e9 sont moins expos\u00e9s au risque de d\u00e9velopper la maladie, et ce, d\u2019apr\u00e8s les \u00e9tudes r\u00e9v\u00e9l\u00e9es par l\u2019ACS.<\/p>\n<h2>L&rsquo;exp\u00e9rience<\/h2>\n<p style=\"text-align: justify;\">Au cours de leurs exp\u00e9riences de 16 semaines, des chercheurs ont mis au point un test sur des individus en surpoids qui ne sont pas habitu\u00e9s \u00e0 boire du caf\u00e9, avec une glyc\u00e9mie \u00e9lev\u00e9e \u00e0 jeun. Ces personnes ont \u00e9t\u00e9 r\u00e9parties en trois groupes distincts et au hasard\u00a0: consommant du d\u00e9caf\u00e9in\u00e9, buvant 5 tasses de caf\u00e9 et n\u2019en prenant aucune.<\/p>\n<p style=\"text-align: justify;\">Aux termes de l\u2019exp\u00e9rience, ceux ayant bu les 5 tasses de caf\u00e9 pr\u00e9sentaient un taux de glyc\u00e9mie tr\u00e8s faible. En revanche, aucun changement n\u2019a \u00e9t\u00e9 observ\u00e9 pour les deux autres groupes. Par ailleurs, m\u00eame si les r\u00e9sultats varient d\u2019un individu \u00e0 un autre, les effets n\u00e9fastes sur l\u2019insuline et la glyc\u00e9mie s\u2019\u00e9quilibrent avec le temps, toujours selon les r\u00e9sultats des recherches. Les deux substances pr\u00e9cit\u00e9es peuvent d\u2019ailleurs augmenter lorsqu\u2019on commence \u00e0 boire du caf\u00e9. Toutefois, apr\u00e8s quelques semaines ou mois de consommation r\u00e9guli\u00e8re, les taux se stabilisent et baissent de mani\u00e8re significative.<\/p>\n<h2>Pour conclure<\/h2>\n<p style=\"text-align: justify;\">En conclusion, les caf\u00e9inomanes ne semblent pas affect\u00e9s par l\u2019augmentation du taux de glyc\u00e9mie et d\u2019insuline.<\/p>\n","protected":false},"excerpt":{"rendered":"<p>Les\u00a0bienfaits\u00a0insoup\u00e7onn\u00e9s du\u00a0caf\u00e9\u00a0sont nombreux. De l\u2019expresso au caf\u00e9 noir en passant par la d\u00e9ca et la version torr\u00e9fi\u00e9e, le caf\u00e9 s\u2019est b\u00e2ti une r\u00e9putation avec plus de vertus que d\u2019inconv\u00e9nients. La qualit\u00e9 principale des pr\u00e9cieux grains de caf\u00e9 \u00e9tant de prot\u00e9ger le consommateur du diab\u00e8te de type\u00a02. Alors, le\u00a0caf\u00e9 ennemi du diab\u00e8te ? Une \u00e9tude men\u00e9e &hellip; <a href=\"https:\/\/buenavita.fr\/boutique\/cafe-reduit-risque-de-diabete\/\" class=\"more-link\">Continuer la lecture<span class=\"screen-reader-text\"> de &laquo;&nbsp;Le caf\u00e9 r\u00e9duit le risque de diab\u00e8te&nbsp;&raquo;<\/span><\/a><\/p>\n","protected":false},"author":1,"featured_media":863,"comment_status":"open","ping_status":"closed","sticky":false,"template":"","format":"standard","meta":{"_acf_changed":false,"footnotes":""},"categories":[1,47],"tags":[],"class_list":["post-861","post","type-post","status-publish","format-standard","has-post-thumbnail","hentry","category-blog","category-la-sante"],"acf":[],"yoast_head":"<!-- This site is optimized with the Yoast SEO plugin v27.0 - https:\/\/yoast.com\/product\/yoast-seo-wordpress\/ -->\n<title>Le caf\u00e9 r\u00e9duit le risque de diab\u00e8te - Buenavita<\/title>\n<meta name=\"robots\" content=\"index, follow, max-snippet:-1, max-image-preview:large, max-video-preview:-1\" \/>\n<link rel=\"canonical\" href=\"https:\/\/buenavita.fr\/boutique\/cafe-reduit-risque-de-diabete\/\" \/>\n<meta property=\"og:locale\" content=\"fr_FR\" \/>\n<meta property=\"og:type\" content=\"article\" \/>\n<meta property=\"og:title\" content=\"Le caf\u00e9 r\u00e9duit le risque de diab\u00e8te - Buenavita\" \/>\n<meta property=\"og:description\" content=\"Les\u00a0bienfaits\u00a0insoup\u00e7onn\u00e9s du\u00a0caf\u00e9\u00a0sont nombreux. De l\u2019expresso au caf\u00e9 noir en passant par la d\u00e9ca et la version torr\u00e9fi\u00e9e, le caf\u00e9 s\u2019est b\u00e2ti une r\u00e9putation avec plus de vertus que d\u2019inconv\u00e9nients. La qualit\u00e9 principale des pr\u00e9cieux grains de caf\u00e9 \u00e9tant de prot\u00e9ger le consommateur du diab\u00e8te de type\u00a02. Alors, le\u00a0caf\u00e9 ennemi du diab\u00e8te ? Une \u00e9tude men\u00e9e &hellip; Continuer la lecture de &laquo;&nbsp;Le caf\u00e9 r\u00e9duit le risque de diab\u00e8te&nbsp;&raquo;\" \/>\n<meta property=\"og:url\" content=\"https:\/\/buenavita.fr\/boutique\/cafe-reduit-risque-de-diabete\/\" \/>\n<meta property=\"og:site_name\" content=\"Buenavita\" \/>\n<meta property=\"article:publisher\" content=\"https:\/\/www.facebook.com\/buenavita.cafe\/\" \/>\n<meta property=\"article:published_time\" content=\"2017-09-05T12:09:55+00:00\" \/>\n<meta property=\"article:modified_time\" content=\"2017-09-05T12:10:46+00:00\" \/>\n<meta property=\"og:image\" content=\"https:\/\/buenavita.fr\/wp-content\/uploads\/2017\/07\/diabete-1024x683.jpg\" \/>\n\t<meta property=\"og:image:width\" content=\"1024\" \/>\n\t<meta property=\"og:image:height\" content=\"683\" \/>\n\t<meta property=\"og:image:type\" content=\"image\/jpeg\" \/>\n<meta name=\"author\" content=\"Laurent ROUGIER\" \/>\n<meta name=\"twitter:card\" content=\"summary_large_image\" \/>\n<meta name=\"twitter:creator\" content=\"@CafeBuenavita\" \/>\n<meta name=\"twitter:site\" content=\"@CafeBuenavita\" \/>\n<meta name=\"twitter:label1\" content=\"\u00c9crit par\" \/>\n\t<meta name=\"twitter:data1\" content=\"Laurent ROUGIER\" \/>\n\t<meta name=\"twitter:label2\" content=\"Dur\u00e9e de lecture estim\u00e9e\" \/>\n\t<meta name=\"twitter:data2\" content=\"3 minutes\" \/>\n<script type=\"application\/ld+json\" class=\"yoast-schema-graph\">{\"@context\":\"https:\/\/schema.org\",\"@graph\":[{\"@type\":\"Article\",\"@id\":\"https:\/\/buenavita.fr\/boutique\/cafe-reduit-risque-de-diabete\/#article\",\"isPartOf\":{\"@id\":\"https:\/\/buenavita.fr\/boutique\/cafe-reduit-risque-de-diabete\/\"},\"author\":{\"name\":\"Laurent ROUGIER\",\"@id\":\"https:\/\/buenavita.fr\/boutique\/#\/schema\/person\/38f35b5166088ed39c2857c2174f8266\"},\"headline\":\"Le caf\u00e9 r\u00e9duit le risque de diab\u00e8te\",\"datePublished\":\"2017-09-05T12:09:55+00:00\",\"dateModified\":\"2017-09-05T12:10:46+00:00\",\"mainEntityOfPage\":{\"@id\":\"https:\/\/buenavita.fr\/boutique\/cafe-reduit-risque-de-diabete\/\"},\"wordCount\":512,\"commentCount\":1,\"image\":{\"@id\":\"https:\/\/buenavita.fr\/boutique\/cafe-reduit-risque-de-diabete\/#primaryimage\"},\"thumbnailUrl\":\"https:\/\/buenavita.fr\/wp-content\/uploads\/2017\/07\/diabete.jpg\",\"articleSection\":[\"Blog\",\"La sant\u00e9\"],\"inLanguage\":\"fr-FR\",\"potentialAction\":[{\"@type\":\"CommentAction\",\"name\":\"Comment\",\"target\":[\"https:\/\/buenavita.fr\/boutique\/cafe-reduit-risque-de-diabete\/#respond\"]}]},{\"@type\":\"WebPage\",\"@id\":\"https:\/\/buenavita.fr\/boutique\/cafe-reduit-risque-de-diabete\/\",\"url\":\"https:\/\/buenavita.fr\/boutique\/cafe-reduit-risque-de-diabete\/\",\"name\":\"Le caf\u00e9 r\u00e9duit le risque de diab\u00e8te - Buenavita\",\"isPartOf\":{\"@id\":\"https:\/\/buenavita.fr\/boutique\/#website\"},\"primaryImageOfPage\":{\"@id\":\"https:\/\/buenavita.fr\/boutique\/cafe-reduit-risque-de-diabete\/#primaryimage\"},\"image\":{\"@id\":\"https:\/\/buenavita.fr\/boutique\/cafe-reduit-risque-de-diabete\/#primaryimage\"},\"thumbnailUrl\":\"https:\/\/buenavita.fr\/wp-content\/uploads\/2017\/07\/diabete.jpg\",\"datePublished\":\"2017-09-05T12:09:55+00:00\",\"dateModified\":\"2017-09-05T12:10:46+00:00\",\"author\":{\"@id\":\"https:\/\/buenavita.fr\/boutique\/#\/schema\/person\/38f35b5166088ed39c2857c2174f8266\"},\"breadcrumb\":{\"@id\":\"https:\/\/buenavita.fr\/boutique\/cafe-reduit-risque-de-diabete\/#breadcrumb\"},\"inLanguage\":\"fr-FR\",\"potentialAction\":[{\"@type\":\"ReadAction\",\"target\":[\"https:\/\/buenavita.fr\/boutique\/cafe-reduit-risque-de-diabete\/\"]}]},{\"@type\":\"ImageObject\",\"inLanguage\":\"fr-FR\",\"@id\":\"https:\/\/buenavita.fr\/boutique\/cafe-reduit-risque-de-diabete\/#primaryimage\",\"url\":\"https:\/\/buenavita.fr\/wp-content\/uploads\/2017\/07\/diabete.jpg\",\"contentUrl\":\"https:\/\/buenavita.fr\/wp-content\/uploads\/2017\/07\/diabete.jpg\",\"width\":6000,\"height\":4000,\"caption\":\"caf\u00e9 ennemi du diab\u00e8te\"},{\"@type\":\"BreadcrumbList\",\"@id\":\"https:\/\/buenavita.fr\/boutique\/cafe-reduit-risque-de-diabete\/#breadcrumb\",\"itemListElement\":[{\"@type\":\"ListItem\",\"position\":1,\"name\":\"Accueil\",\"item\":\"https:\/\/buenavita.fr\/boutique\/\"},{\"@type\":\"ListItem\",\"position\":2,\"name\":\"Le caf\u00e9 r\u00e9duit le risque de diab\u00e8te\"}]},{\"@type\":\"WebSite\",\"@id\":\"https:\/\/buenavita.fr\/boutique\/#website\",\"url\":\"https:\/\/buenavita.fr\/boutique\/\",\"name\":\"Buenavita\",\"description\":\"100% plaisir - sans allerg\u00e8ne - Eco responsable\",\"potentialAction\":[{\"@type\":\"SearchAction\",\"target\":{\"@type\":\"EntryPoint\",\"urlTemplate\":\"https:\/\/buenavita.fr\/boutique\/?s={search_term_string}\"},\"query-input\":{\"@type\":\"PropertyValueSpecification\",\"valueRequired\":true,\"valueName\":\"search_term_string\"}}],\"inLanguage\":\"fr-FR\"},{\"@type\":\"Person\",\"@id\":\"https:\/\/buenavita.fr\/boutique\/#\/schema\/person\/38f35b5166088ed39c2857c2174f8266\",\"name\":\"Laurent ROUGIER\",\"url\":\"https:\/\/buenavita.fr\/boutique\/author\/_admin_\/\"}]}<\/script>\n<!-- \/ Yoast SEO plugin. -->","yoast_head_json":{"title":"Le caf\u00e9 r\u00e9duit le risque de diab\u00e8te - Buenavita","robots":{"index":"index","follow":"follow","max-snippet":"max-snippet:-1","max-image-preview":"max-image-preview:large","max-video-preview":"max-video-preview:-1"},"canonical":"https:\/\/buenavita.fr\/boutique\/cafe-reduit-risque-de-diabete\/","og_locale":"fr_FR","og_type":"article","og_title":"Le caf\u00e9 r\u00e9duit le risque de diab\u00e8te - Buenavita","og_description":"Les\u00a0bienfaits\u00a0insoup\u00e7onn\u00e9s du\u00a0caf\u00e9\u00a0sont nombreux. De l\u2019expresso au caf\u00e9 noir en passant par la d\u00e9ca et la version torr\u00e9fi\u00e9e, le caf\u00e9 s\u2019est b\u00e2ti une r\u00e9putation avec plus de vertus que d\u2019inconv\u00e9nients. La qualit\u00e9 principale des pr\u00e9cieux grains de caf\u00e9 \u00e9tant de prot\u00e9ger le consommateur du diab\u00e8te de type\u00a02. Alors, le\u00a0caf\u00e9 ennemi du diab\u00e8te ? Une \u00e9tude men\u00e9e &hellip; Continuer la lecture de &laquo;&nbsp;Le caf\u00e9 r\u00e9duit le risque de diab\u00e8te&nbsp;&raquo;","og_url":"https:\/\/buenavita.fr\/boutique\/cafe-reduit-risque-de-diabete\/","og_site_name":"Buenavita","article_publisher":"https:\/\/www.facebook.com\/buenavita.cafe\/","article_published_time":"2017-09-05T12:09:55+00:00","article_modified_time":"2017-09-05T12:10:46+00:00","og_image":[{"width":1024,"height":683,"url":"https:\/\/buenavita.fr\/wp-content\/uploads\/2017\/07\/diabete-1024x683.jpg","type":"image\/jpeg"}],"author":"Laurent ROUGIER","twitter_card":"summary_large_image","twitter_creator":"@CafeBuenavita","twitter_site":"@CafeBuenavita","twitter_misc":{"\u00c9crit par":"Laurent ROUGIER","Dur\u00e9e de lecture estim\u00e9e":"3 minutes"},"schema":{"@context":"https:\/\/schema.org","@graph":[{"@type":"Article","@id":"https:\/\/buenavita.fr\/boutique\/cafe-reduit-risque-de-diabete\/#article","isPartOf":{"@id":"https:\/\/buenavita.fr\/boutique\/cafe-reduit-risque-de-diabete\/"},"author":{"name":"Laurent ROUGIER","@id":"https:\/\/buenavita.fr\/boutique\/#\/schema\/person\/38f35b5166088ed39c2857c2174f8266"},"headline":"Le caf\u00e9 r\u00e9duit le risque de diab\u00e8te","datePublished":"2017-09-05T12:09:55+00:00","dateModified":"2017-09-05T12:10:46+00:00","mainEntityOfPage":{"@id":"https:\/\/buenavita.fr\/boutique\/cafe-reduit-risque-de-diabete\/"},"wordCount":512,"commentCount":1,"image":{"@id":"https:\/\/buenavita.fr\/boutique\/cafe-reduit-risque-de-diabete\/#primaryimage"},"thumbnailUrl":"https:\/\/buenavita.fr\/wp-content\/uploads\/2017\/07\/diabete.jpg","articleSection":["Blog","La sant\u00e9"],"inLanguage":"fr-FR","potentialAction":[{"@type":"CommentAction","name":"Comment","target":["https:\/\/buenavita.fr\/boutique\/cafe-reduit-risque-de-diabete\/#respond"]}]},{"@type":"WebPage","@id":"https:\/\/buenavita.fr\/boutique\/cafe-reduit-risque-de-diabete\/","url":"https:\/\/buenavita.fr\/boutique\/cafe-reduit-risque-de-diabete\/","name":"Le caf\u00e9 r\u00e9duit le risque de diab\u00e8te - Buenavita","isPartOf":{"@id":"https:\/\/buenavita.fr\/boutique\/#website"},"primaryImageOfPage":{"@id":"https:\/\/buenavita.fr\/boutique\/cafe-reduit-risque-de-diabete\/#primaryimage"},"image":{"@id":"https:\/\/buenavita.fr\/boutique\/cafe-reduit-risque-de-diabete\/#primaryimage"},"thumbnailUrl":"https:\/\/buenavita.fr\/wp-content\/uploads\/2017\/07\/diabete.jpg","datePublished":"2017-09-05T12:09:55+00:00","dateModified":"2017-09-05T12:10:46+00:00","author":{"@id":"https:\/\/buenavita.fr\/boutique\/#\/schema\/person\/38f35b5166088ed39c2857c2174f8266"},"breadcrumb":{"@id":"https:\/\/buenavita.fr\/boutique\/cafe-reduit-risque-de-diabete\/#breadcrumb"},"inLanguage":"fr-FR","potentialAction":[{"@type":"ReadAction","target":["https:\/\/buenavita.fr\/boutique\/cafe-reduit-risque-de-diabete\/"]}]},{"@type":"ImageObject","inLanguage":"fr-FR","@id":"https:\/\/buenavita.fr\/boutique\/cafe-reduit-risque-de-diabete\/#primaryimage","url":"https:\/\/buenavita.fr\/wp-content\/uploads\/2017\/07\/diabete.jpg","contentUrl":"https:\/\/buenavita.fr\/wp-content\/uploads\/2017\/07\/diabete.jpg","width":6000,"height":4000,"caption":"caf\u00e9 ennemi du diab\u00e8te"},{"@type":"BreadcrumbList","@id":"https:\/\/buenavita.fr\/boutique\/cafe-reduit-risque-de-diabete\/#breadcrumb","itemListElement":[{"@type":"ListItem","position":1,"name":"Accueil","item":"https:\/\/buenavita.fr\/boutique\/"},{"@type":"ListItem","position":2,"name":"Le caf\u00e9 r\u00e9duit le risque de diab\u00e8te"}]},{"@type":"WebSite","@id":"https:\/\/buenavita.fr\/boutique\/#website","url":"https:\/\/buenavita.fr\/boutique\/","name":"Buenavita","description":"100% plaisir - sans allerg\u00e8ne - Eco responsable","potentialAction":[{"@type":"SearchAction","target":{"@type":"EntryPoint","urlTemplate":"https:\/\/buenavita.fr\/boutique\/?s={search_term_string}"},"query-input":{"@type":"PropertyValueSpecification","valueRequired":true,"valueName":"search_term_string"}}],"inLanguage":"fr-FR"},{"@type":"Person","@id":"https:\/\/buenavita.fr\/boutique\/#\/schema\/person\/38f35b5166088ed39c2857c2174f8266","name":"Laurent ROUGIER","url":"https:\/\/buenavita.fr\/boutique\/author\/_admin_\/"}]}},"jetpack_featured_media_url":"https:\/\/buenavita.fr\/wp-content\/uploads\/2017\/07\/diabete.jpg","_links":{"self":[{"href":"https:\/\/buenavita.fr\/boutique\/wp-json\/wp\/v2\/posts\/861","targetHints":{"allow":["GET"]}}],"collection":[{"href":"https:\/\/buenavita.fr\/boutique\/wp-json\/wp\/v2\/posts"}],"about":[{"href":"https:\/\/buenavita.fr\/boutique\/wp-json\/wp\/v2\/types\/post"}],"author":[{"embeddable":true,"href":"https:\/\/buenavita.fr\/boutique\/wp-json\/wp\/v2\/users\/1"}],"replies":[{"embeddable":true,"href":"https:\/\/buenavita.fr\/boutique\/wp-json\/wp\/v2\/comments?post=861"}],"version-history":[{"count":4,"href":"https:\/\/buenavita.fr\/boutique\/wp-json\/wp\/v2\/posts\/861\/revisions"}],"predecessor-version":[{"id":955,"href":"https:\/\/buenavita.fr\/boutique\/wp-json\/wp\/v2\/posts\/861\/revisions\/955"}],"wp:featuredmedia":[{"embeddable":true,"href":"https:\/\/buenavita.fr\/boutique\/wp-json\/wp\/v2\/media\/863"}],"wp:attachment":[{"href":"https:\/\/buenavita.fr\/boutique\/wp-json\/wp\/v2\/media?parent=861"}],"wp:term":[{"taxonomy":"category","embeddable":true,"href":"https:\/\/buenavita.fr\/boutique\/wp-json\/wp\/v2\/categories?post=861"},{"taxonomy":"post_tag","embeddable":true,"href":"https:\/\/buenavita.fr\/boutique\/wp-json\/wp\/v2\/tags?post=861"}],"curies":[{"name":"wp","href":"https:\/\/api.w.org\/{rel}","templated":true}]}}