{"id":847,"date":"2017-09-13T10:19:59","date_gmt":"2017-09-13T08:19:59","guid":{"rendered":"https:\/\/buenavita.fr\/?p=847"},"modified":"2017-09-13T10:19:59","modified_gmt":"2017-09-13T08:19:59","slug":"cafe-retardateur-dalhzeimer","status":"publish","type":"post","link":"https:\/\/buenavita.fr\/boutique\/cafe-retardateur-dalhzeimer\/","title":{"rendered":"Le caf\u00e9 retardateur d\u2019Alhzeimer"},"content":{"rendered":"<p style=\"text-align: justify;\">Le caf\u00e9 int\u00e9resse la branche parapharmaceutique depuis des ann\u00e9es, en raison principalement de ses capacit\u00e9s naturelles antioxydantes et de son action fat-burner (ou br\u00fbleur de graisses). \u00c0 ce titre, de nombreuses marques de cosm\u00e9tiques et un certain nombre de produits de musculation int\u00e8gre la caf\u00e9ine dans leur composition, afin de lutter contre la cellulite, de combattre le vieillissement cutan\u00e9, mais aussi et surtout pour am\u00e9liorer les performances physiques des bodybuilders.<!--more--><\/p>\n<h2>Amincissant mais pas que !<\/h2>\n<p style=\"text-align: justify;\">Plut\u00f4t connue pour ses propri\u00e9t\u00e9s amincissantes, la caf\u00e9ine poss\u00e8de \u00e9galement un effet psychostimulant, qui, en aval, exerce un effet positif sur la maladie d\u2019Alzheimer. Diverses \u00e9tudes, dont celles men\u00e9es par les chercheurs de l\u2019universit\u00e9 de Miami et de l\u2019universit\u00e9 de Floride sud, ont d\u2019ailleurs permis d\u2019observer que la consommation r\u00e9guli\u00e8re de caf\u00e9 r\u00e9duit la d\u00e9g\u00e9n\u00e9rescence cognitive tout au long du vieillissement, ainsi que le risque de d\u00e9velopper la d\u00e9mence. Tout r\u00e9cemment, une \u00e9quipe de chercheurs lillois a apport\u00e9 une illustration scientifique par des exp\u00e9riences men\u00e9es aupr\u00e8s des souris en laboratoire.<\/p>\n<p style=\"text-align: justify;\">Une autre \u00e9tude r\u00e9v\u00e9l\u00e9e par la revue <a href=\"http:\/\/www.neurobiologyofaging.org\/\" target=\"_blank\" rel=\"noopener\">Neurobiology og Aging<\/a> a d\u00e9montr\u00e9 que la consommation r\u00e9guli\u00e8re de caf\u00e9ine chez la souris contribue \u00e0 pr\u00e9venir les d\u00e9ficits de m\u00e9moire et certaines modifications de la prot\u00e9ine Tau. Cette substance est vitale pour la stabilisation des cellules, en particulier les neurones.<\/p>\n<p style=\"text-align: justify;\">Dans le cas des maladies du syst\u00e8me nerveux central telles que la maladie d\u2019Alzheimer, les prot\u00e9ines Tau se r\u00e9unissent de mani\u00e8re anarchique et causeraient le d\u00e9clin neuronal.<\/p>\n<h2>Et donc ?<\/h2>\n<p style=\"text-align: justify;\">Chez l\u2019homme, boire environ 6 expressos pourrait par cons\u00e9quent combattre la manifestation de la maladie d\u2019Alzheimer. Afin de mener \u00e0 bien leurs exp\u00e9rimentations, les scientifiques ont utilis\u00e9 des souris transg\u00e9niques ayant d\u00e9velopp\u00e9 avec l\u2019\u00e2ge une neurod\u00e9g\u00e9n\u00e9rescence relative \u00e0 la prot\u00e9ine Tau. Pendant dix mois et \u00e0 partir de l\u2019\u00e2ge de deux mois, les souris ont bu de l\u2019eau contenant l\u2019\u00e9quivalent de 2 tasses de caf\u00e9 par jour. Aux termes des exp\u00e9riences, celles-ci pr\u00e9sentaient moins d\u2019amn\u00e9sie et subissaient moins de modifications de la prot\u00e9ine Tau, sans oublier une r\u00e9duction de la neuro-inflammation. Il reste \u00e0 ces chercheurs de rassembler les fonds n\u00e9cessaires pour mener une autre observation, cette fois-ci chez des patients humains.<\/p>\n<h2>Boire du caf\u00e9, c&rsquo;est la sant\u00e9<\/h2>\n<p style=\"text-align: justify;\">Pour conclure, un homme buvant 400mg de caf\u00e9ine par jour, soit 6 tasses d\u2019expressos ou 4 tasses de caf\u00e9 filtr\u00e9, semble moins expos\u00e9 aux risques de la maladie d\u2019Alzheimer qu\u2019un autre qui en boit moins ou pas. Par ailleurs, l\u2019\u00e9ventail de go\u00fbt et de pr\u00e9sentation offre un large panel de d\u00e9gustation\u00a0: expresso, caf\u00e9 torr\u00e9fi\u00e9, long, capuccino\u2026<\/p>\n<p style=\"text-align: justify;\">Pour l\u2019heure, les amoureux du petit noir viennent de trouver un motif suppl\u00e9mentaire pour appr\u00e9cier sans mod\u00e9ration leur boisson favorite.<\/p>\n","protected":false},"excerpt":{"rendered":"<p>Le caf\u00e9 int\u00e9resse la branche parapharmaceutique depuis des ann\u00e9es, en raison principalement de ses capacit\u00e9s naturelles antioxydantes et de son action fat-burner (ou br\u00fbleur de graisses). \u00c0 ce titre, de nombreuses marques de cosm\u00e9tiques et un certain nombre de produits de musculation int\u00e8gre la caf\u00e9ine dans leur composition, afin de lutter contre la cellulite, de &hellip; <a href=\"https:\/\/buenavita.fr\/boutique\/cafe-retardateur-dalhzeimer\/\" class=\"more-link\">Continuer la lecture<span class=\"screen-reader-text\"> de &laquo;&nbsp;Le caf\u00e9 retardateur d\u2019Alhzeimer&nbsp;&raquo;<\/span><\/a><\/p>\n","protected":false},"author":1,"featured_media":879,"comment_status":"open","ping_status":"closed","sticky":false,"template":"","format":"standard","meta":{"_acf_changed":false,"footnotes":""},"categories":[1,47],"tags":[],"class_list":["post-847","post","type-post","status-publish","format-standard","has-post-thumbnail","hentry","category-blog","category-la-sante"],"acf":[],"yoast_head":"<!-- This site is optimized with the Yoast SEO plugin v27.0 - https:\/\/yoast.com\/product\/yoast-seo-wordpress\/ -->\n<title>Le caf\u00e9 retardateur d\u2019Alhzeimer - Buenavita<\/title>\n<meta name=\"robots\" content=\"index, follow, max-snippet:-1, max-image-preview:large, max-video-preview:-1\" \/>\n<link rel=\"canonical\" href=\"https:\/\/buenavita.fr\/boutique\/cafe-retardateur-dalhzeimer\/\" \/>\n<meta property=\"og:locale\" content=\"fr_FR\" \/>\n<meta property=\"og:type\" content=\"article\" \/>\n<meta property=\"og:title\" content=\"Le caf\u00e9 retardateur d\u2019Alhzeimer - Buenavita\" \/>\n<meta property=\"og:description\" content=\"Le caf\u00e9 int\u00e9resse la branche parapharmaceutique depuis des ann\u00e9es, en raison principalement de ses capacit\u00e9s naturelles antioxydantes et de son action fat-burner (ou br\u00fbleur de graisses). \u00c0 ce titre, de nombreuses marques de cosm\u00e9tiques et un certain nombre de produits de musculation int\u00e8gre la caf\u00e9ine dans leur composition, afin de lutter contre la cellulite, de &hellip; Continuer la lecture de &laquo;&nbsp;Le caf\u00e9 retardateur d\u2019Alhzeimer&nbsp;&raquo;\" \/>\n<meta property=\"og:url\" content=\"https:\/\/buenavita.fr\/boutique\/cafe-retardateur-dalhzeimer\/\" \/>\n<meta property=\"og:site_name\" content=\"Buenavita\" \/>\n<meta property=\"article:publisher\" content=\"https:\/\/www.facebook.com\/buenavita.cafe\/\" \/>\n<meta property=\"article:published_time\" content=\"2017-09-13T08:19:59+00:00\" \/>\n<meta property=\"og:image\" content=\"https:\/\/buenavita.fr\/wp-content\/uploads\/2017\/07\/woman-453014_1920.jpg\" \/>\n\t<meta property=\"og:image:width\" content=\"1920\" \/>\n\t<meta property=\"og:image:height\" content=\"1440\" \/>\n\t<meta property=\"og:image:type\" content=\"image\/jpeg\" \/>\n<meta name=\"author\" content=\"Laurent ROUGIER\" \/>\n<meta name=\"twitter:card\" content=\"summary_large_image\" \/>\n<meta name=\"twitter:creator\" content=\"@CafeBuenavita\" \/>\n<meta name=\"twitter:site\" content=\"@CafeBuenavita\" \/>\n<meta name=\"twitter:label1\" content=\"\u00c9crit par\" \/>\n\t<meta name=\"twitter:data1\" content=\"Laurent ROUGIER\" \/>\n\t<meta name=\"twitter:label2\" content=\"Dur\u00e9e de lecture estim\u00e9e\" \/>\n\t<meta name=\"twitter:data2\" content=\"3 minutes\" \/>\n<script type=\"application\/ld+json\" class=\"yoast-schema-graph\">{\"@context\":\"https:\/\/schema.org\",\"@graph\":[{\"@type\":\"Article\",\"@id\":\"https:\/\/buenavita.fr\/boutique\/cafe-retardateur-dalhzeimer\/#article\",\"isPartOf\":{\"@id\":\"https:\/\/buenavita.fr\/boutique\/cafe-retardateur-dalhzeimer\/\"},\"author\":{\"name\":\"Laurent ROUGIER\",\"@id\":\"https:\/\/buenavita.fr\/boutique\/#\/schema\/person\/38f35b5166088ed39c2857c2174f8266\"},\"headline\":\"Le caf\u00e9 retardateur d\u2019Alhzeimer\",\"datePublished\":\"2017-09-13T08:19:59+00:00\",\"mainEntityOfPage\":{\"@id\":\"https:\/\/buenavita.fr\/boutique\/cafe-retardateur-dalhzeimer\/\"},\"wordCount\":512,\"commentCount\":1,\"image\":{\"@id\":\"https:\/\/buenavita.fr\/boutique\/cafe-retardateur-dalhzeimer\/#primaryimage\"},\"thumbnailUrl\":\"https:\/\/buenavita.fr\/wp-content\/uploads\/2017\/07\/woman-453014_1920.jpg\",\"articleSection\":[\"Blog\",\"La sant\u00e9\"],\"inLanguage\":\"fr-FR\",\"potentialAction\":[{\"@type\":\"CommentAction\",\"name\":\"Comment\",\"target\":[\"https:\/\/buenavita.fr\/boutique\/cafe-retardateur-dalhzeimer\/#respond\"]}]},{\"@type\":\"WebPage\",\"@id\":\"https:\/\/buenavita.fr\/boutique\/cafe-retardateur-dalhzeimer\/\",\"url\":\"https:\/\/buenavita.fr\/boutique\/cafe-retardateur-dalhzeimer\/\",\"name\":\"Le caf\u00e9 retardateur d\u2019Alhzeimer - Buenavita\",\"isPartOf\":{\"@id\":\"https:\/\/buenavita.fr\/boutique\/#website\"},\"primaryImageOfPage\":{\"@id\":\"https:\/\/buenavita.fr\/boutique\/cafe-retardateur-dalhzeimer\/#primaryimage\"},\"image\":{\"@id\":\"https:\/\/buenavita.fr\/boutique\/cafe-retardateur-dalhzeimer\/#primaryimage\"},\"thumbnailUrl\":\"https:\/\/buenavita.fr\/wp-content\/uploads\/2017\/07\/woman-453014_1920.jpg\",\"datePublished\":\"2017-09-13T08:19:59+00:00\",\"author\":{\"@id\":\"https:\/\/buenavita.fr\/boutique\/#\/schema\/person\/38f35b5166088ed39c2857c2174f8266\"},\"breadcrumb\":{\"@id\":\"https:\/\/buenavita.fr\/boutique\/cafe-retardateur-dalhzeimer\/#breadcrumb\"},\"inLanguage\":\"fr-FR\",\"potentialAction\":[{\"@type\":\"ReadAction\",\"target\":[\"https:\/\/buenavita.fr\/boutique\/cafe-retardateur-dalhzeimer\/\"]}]},{\"@type\":\"ImageObject\",\"inLanguage\":\"fr-FR\",\"@id\":\"https:\/\/buenavita.fr\/boutique\/cafe-retardateur-dalhzeimer\/#primaryimage\",\"url\":\"https:\/\/buenavita.fr\/wp-content\/uploads\/2017\/07\/woman-453014_1920.jpg\",\"contentUrl\":\"https:\/\/buenavita.fr\/wp-content\/uploads\/2017\/07\/woman-453014_1920.jpg\",\"width\":1920,\"height\":1440,\"caption\":\"caf\u00e9 retardateur d'Alhzeimer\"},{\"@type\":\"BreadcrumbList\",\"@id\":\"https:\/\/buenavita.fr\/boutique\/cafe-retardateur-dalhzeimer\/#breadcrumb\",\"itemListElement\":[{\"@type\":\"ListItem\",\"position\":1,\"name\":\"Accueil\",\"item\":\"https:\/\/buenavita.fr\/boutique\/\"},{\"@type\":\"ListItem\",\"position\":2,\"name\":\"Le caf\u00e9 retardateur d\u2019Alhzeimer\"}]},{\"@type\":\"WebSite\",\"@id\":\"https:\/\/buenavita.fr\/boutique\/#website\",\"url\":\"https:\/\/buenavita.fr\/boutique\/\",\"name\":\"Buenavita\",\"description\":\"100% plaisir - sans allerg\u00e8ne - Eco responsable\",\"potentialAction\":[{\"@type\":\"SearchAction\",\"target\":{\"@type\":\"EntryPoint\",\"urlTemplate\":\"https:\/\/buenavita.fr\/boutique\/?s={search_term_string}\"},\"query-input\":{\"@type\":\"PropertyValueSpecification\",\"valueRequired\":true,\"valueName\":\"search_term_string\"}}],\"inLanguage\":\"fr-FR\"},{\"@type\":\"Person\",\"@id\":\"https:\/\/buenavita.fr\/boutique\/#\/schema\/person\/38f35b5166088ed39c2857c2174f8266\",\"name\":\"Laurent ROUGIER\",\"url\":\"https:\/\/buenavita.fr\/boutique\/author\/_admin_\/\"}]}<\/script>\n<!-- \/ Yoast SEO plugin. -->","yoast_head_json":{"title":"Le caf\u00e9 retardateur d\u2019Alhzeimer - Buenavita","robots":{"index":"index","follow":"follow","max-snippet":"max-snippet:-1","max-image-preview":"max-image-preview:large","max-video-preview":"max-video-preview:-1"},"canonical":"https:\/\/buenavita.fr\/boutique\/cafe-retardateur-dalhzeimer\/","og_locale":"fr_FR","og_type":"article","og_title":"Le caf\u00e9 retardateur d\u2019Alhzeimer - Buenavita","og_description":"Le caf\u00e9 int\u00e9resse la branche parapharmaceutique depuis des ann\u00e9es, en raison principalement de ses capacit\u00e9s naturelles antioxydantes et de son action fat-burner (ou br\u00fbleur de graisses). \u00c0 ce titre, de nombreuses marques de cosm\u00e9tiques et un certain nombre de produits de musculation int\u00e8gre la caf\u00e9ine dans leur composition, afin de lutter contre la cellulite, de &hellip; Continuer la lecture de &laquo;&nbsp;Le caf\u00e9 retardateur d\u2019Alhzeimer&nbsp;&raquo;","og_url":"https:\/\/buenavita.fr\/boutique\/cafe-retardateur-dalhzeimer\/","og_site_name":"Buenavita","article_publisher":"https:\/\/www.facebook.com\/buenavita.cafe\/","article_published_time":"2017-09-13T08:19:59+00:00","og_image":[{"width":1920,"height":1440,"url":"https:\/\/buenavita.fr\/wp-content\/uploads\/2017\/07\/woman-453014_1920.jpg","type":"image\/jpeg"}],"author":"Laurent ROUGIER","twitter_card":"summary_large_image","twitter_creator":"@CafeBuenavita","twitter_site":"@CafeBuenavita","twitter_misc":{"\u00c9crit par":"Laurent ROUGIER","Dur\u00e9e de lecture estim\u00e9e":"3 minutes"},"schema":{"@context":"https:\/\/schema.org","@graph":[{"@type":"Article","@id":"https:\/\/buenavita.fr\/boutique\/cafe-retardateur-dalhzeimer\/#article","isPartOf":{"@id":"https:\/\/buenavita.fr\/boutique\/cafe-retardateur-dalhzeimer\/"},"author":{"name":"Laurent ROUGIER","@id":"https:\/\/buenavita.fr\/boutique\/#\/schema\/person\/38f35b5166088ed39c2857c2174f8266"},"headline":"Le caf\u00e9 retardateur d\u2019Alhzeimer","datePublished":"2017-09-13T08:19:59+00:00","mainEntityOfPage":{"@id":"https:\/\/buenavita.fr\/boutique\/cafe-retardateur-dalhzeimer\/"},"wordCount":512,"commentCount":1,"image":{"@id":"https:\/\/buenavita.fr\/boutique\/cafe-retardateur-dalhzeimer\/#primaryimage"},"thumbnailUrl":"https:\/\/buenavita.fr\/wp-content\/uploads\/2017\/07\/woman-453014_1920.jpg","articleSection":["Blog","La sant\u00e9"],"inLanguage":"fr-FR","potentialAction":[{"@type":"CommentAction","name":"Comment","target":["https:\/\/buenavita.fr\/boutique\/cafe-retardateur-dalhzeimer\/#respond"]}]},{"@type":"WebPage","@id":"https:\/\/buenavita.fr\/boutique\/cafe-retardateur-dalhzeimer\/","url":"https:\/\/buenavita.fr\/boutique\/cafe-retardateur-dalhzeimer\/","name":"Le caf\u00e9 retardateur d\u2019Alhzeimer - Buenavita","isPartOf":{"@id":"https:\/\/buenavita.fr\/boutique\/#website"},"primaryImageOfPage":{"@id":"https:\/\/buenavita.fr\/boutique\/cafe-retardateur-dalhzeimer\/#primaryimage"},"image":{"@id":"https:\/\/buenavita.fr\/boutique\/cafe-retardateur-dalhzeimer\/#primaryimage"},"thumbnailUrl":"https:\/\/buenavita.fr\/wp-content\/uploads\/2017\/07\/woman-453014_1920.jpg","datePublished":"2017-09-13T08:19:59+00:00","author":{"@id":"https:\/\/buenavita.fr\/boutique\/#\/schema\/person\/38f35b5166088ed39c2857c2174f8266"},"breadcrumb":{"@id":"https:\/\/buenavita.fr\/boutique\/cafe-retardateur-dalhzeimer\/#breadcrumb"},"inLanguage":"fr-FR","potentialAction":[{"@type":"ReadAction","target":["https:\/\/buenavita.fr\/boutique\/cafe-retardateur-dalhzeimer\/"]}]},{"@type":"ImageObject","inLanguage":"fr-FR","@id":"https:\/\/buenavita.fr\/boutique\/cafe-retardateur-dalhzeimer\/#primaryimage","url":"https:\/\/buenavita.fr\/wp-content\/uploads\/2017\/07\/woman-453014_1920.jpg","contentUrl":"https:\/\/buenavita.fr\/wp-content\/uploads\/2017\/07\/woman-453014_1920.jpg","width":1920,"height":1440,"caption":"caf\u00e9 retardateur d'Alhzeimer"},{"@type":"BreadcrumbList","@id":"https:\/\/buenavita.fr\/boutique\/cafe-retardateur-dalhzeimer\/#breadcrumb","itemListElement":[{"@type":"ListItem","position":1,"name":"Accueil","item":"https:\/\/buenavita.fr\/boutique\/"},{"@type":"ListItem","position":2,"name":"Le caf\u00e9 retardateur d\u2019Alhzeimer"}]},{"@type":"WebSite","@id":"https:\/\/buenavita.fr\/boutique\/#website","url":"https:\/\/buenavita.fr\/boutique\/","name":"Buenavita","description":"100% plaisir - sans allerg\u00e8ne - Eco responsable","potentialAction":[{"@type":"SearchAction","target":{"@type":"EntryPoint","urlTemplate":"https:\/\/buenavita.fr\/boutique\/?s={search_term_string}"},"query-input":{"@type":"PropertyValueSpecification","valueRequired":true,"valueName":"search_term_string"}}],"inLanguage":"fr-FR"},{"@type":"Person","@id":"https:\/\/buenavita.fr\/boutique\/#\/schema\/person\/38f35b5166088ed39c2857c2174f8266","name":"Laurent ROUGIER","url":"https:\/\/buenavita.fr\/boutique\/author\/_admin_\/"}]}},"jetpack_featured_media_url":"https:\/\/buenavita.fr\/wp-content\/uploads\/2017\/07\/woman-453014_1920.jpg","_links":{"self":[{"href":"https:\/\/buenavita.fr\/boutique\/wp-json\/wp\/v2\/posts\/847","targetHints":{"allow":["GET"]}}],"collection":[{"href":"https:\/\/buenavita.fr\/boutique\/wp-json\/wp\/v2\/posts"}],"about":[{"href":"https:\/\/buenavita.fr\/boutique\/wp-json\/wp\/v2\/types\/post"}],"author":[{"embeddable":true,"href":"https:\/\/buenavita.fr\/boutique\/wp-json\/wp\/v2\/users\/1"}],"replies":[{"embeddable":true,"href":"https:\/\/buenavita.fr\/boutique\/wp-json\/wp\/v2\/comments?post=847"}],"version-history":[{"count":2,"href":"https:\/\/buenavita.fr\/boutique\/wp-json\/wp\/v2\/posts\/847\/revisions"}],"predecessor-version":[{"id":880,"href":"https:\/\/buenavita.fr\/boutique\/wp-json\/wp\/v2\/posts\/847\/revisions\/880"}],"wp:featuredmedia":[{"embeddable":true,"href":"https:\/\/buenavita.fr\/boutique\/wp-json\/wp\/v2\/media\/879"}],"wp:attachment":[{"href":"https:\/\/buenavita.fr\/boutique\/wp-json\/wp\/v2\/media?parent=847"}],"wp:term":[{"taxonomy":"category","embeddable":true,"href":"https:\/\/buenavita.fr\/boutique\/wp-json\/wp\/v2\/categories?post=847"},{"taxonomy":"post_tag","embeddable":true,"href":"https:\/\/buenavita.fr\/boutique\/wp-json\/wp\/v2\/tags?post=847"}],"curies":[{"name":"wp","href":"https:\/\/api.w.org\/{rel}","templated":true}]}}