{"id":1024,"date":"2017-10-03T10:10:52","date_gmt":"2017-10-03T08:10:52","guid":{"rendered":"https:\/\/buenavita.fr\/?p=1024"},"modified":"2019-01-09T12:56:36","modified_gmt":"2019-01-09T11:56:36","slug":"cafe-culture-durable","status":"publish","type":"post","link":"https:\/\/buenavita.fr\/boutique\/cafe-culture-durable\/","title":{"rendered":"Le caf\u00e9 pourrait devenir la culture la plus durable du monde"},"content":{"rendered":"<p style=\"text-align: justify;\">Le\u00a0 1<sup>er<\/sup>\u00a0octobre marquait la <a href=\"https:\/\/internationalcoffeeday.org\/fr\/\"><strong>Journ\u00e9e Internationale du Caf\u00e9<\/strong><\/a>. Une occasion pour les amateurs de caf\u00e9 du monde entier de lever leur tasse \u00e0 leur boisson pr\u00e9f\u00e9r\u00e9e. D&rsquo;abord, lanc\u00e9 il y a trois ans, elle encense les agriculteurs qui rendent possible la culture du caf\u00e9 aujourd&rsquo;hui.<\/p>\n<h2 style=\"text-align: justify;\">Le casse-t\u00eate de la culture du caf\u00e9<\/h2>\n<p style=\"text-align: justify;\">Malheureusement, la ferveur mondiale pour l&rsquo;Or Noir a cr\u00e9\u00e9 une \u00ab\u00a0\u00e9p\u00e9e \u00e0 double tranchant\u00a0\u00bb. Certes, l&rsquo;industrie apporte des opportunit\u00e9s d&#8217;emploi aux r\u00e9gions pauvres en Afrique, en Am\u00e9rique latine et en Asie du Sud-Est. N\u00e9anmoins, la s\u00e9curit\u00e9 et la rentabilit\u00e9 de certains de ces emplois ont \u00e9t\u00e9 mises en doute. De plus, l&rsquo;engouement mondial pour le grain de caf\u00e9 demande de plus en plus de terres agricoles. De ce fait, la d\u00e9forestation massive est devenue une pr\u00e9occupation majeure pour les entreprises et les exploitants. D&rsquo;autant plus qu&rsquo;il faut consid\u00e9rer que le grain a besoin de conditions m\u00e9t\u00e9orologiques stables et pr\u00e9visibles. Ainsi, le r\u00e9chauffement climatique devient une menace pour le futur de l&rsquo;industrie.<\/p>\n<p style=\"text-align: justify;\">Mais avant de partir d\u00e9faitiste, sachez qu&rsquo;il existe des organisations qui travaillent vaillamment pour aider l&rsquo;industrie \u00e0 se d\u00e9velopper de mani\u00e8re durable. <strong><em><a href=\"http:\/\/www.conservation.org\/global\/europe\/Pages\/about-ci-europe.aspx\">Conservation International<\/a> (CI)<\/em><\/strong> est une organisation \u00e0 but non lucratif qui se charge du dossier et ils ont un objectif \u00e9lev\u00e9. Il faut faire du caf\u00e9 <strong>LA premi\u00e8re culture durable du monde.<\/strong><\/p>\n<h2 style=\"text-align: justify;\">Comment faire \u00e9voluer l&rsquo;industrie vers la culture durable ?<\/h2>\n<p style=\"text-align: justify;\"><em>\u00ab\u00a0C&rsquo;est un objectif super ambitieux, mais nous savons que l&rsquo;industrie du caf\u00e9 est celle qui progresse le plus dans cette d\u00e9marche. Le march\u00e9 du caf\u00e9 a essay\u00e9 d&rsquo;aller de l&rsquo;avant sur la production durable depuis pr\u00e8s de 20 ans maintenant. Nous savons aussi que nous devons vraiment faire ce qu&rsquo;il faut&#8230; \u00ab\u00a0<\/em> avertit Bambi Semroc, conseiller strat\u00e9gique de <strong><em>CI<\/em><\/strong>. <em>\u00ab\u00a0Environ la moiti\u00e9 des terres servant \u00e0 la culture du caf\u00e9 pourrait \u00eatre perdue d&rsquo;ici 2050.\u00a0\u00bb<\/em><\/p>\n<p style=\"text-align: justify;\">Gr\u00e2ce au travail de terrain, <strong><em>CI<\/em><\/strong> a pu constater les menaces du changement climatique qui p\u00e8sent sur les terres et les gens qui en d\u00e9pendent. Des temp\u00e9ratures \u00e9lev\u00e9es signifient des jours plus chauds sur le terrain et des pr\u00e9cipitations moins pr\u00e9visibles. Ainsi, elles d\u00e9r\u00e8glent tout le processus agricole et parfois laissent des producteurs sans r\u00e9colte.<\/p>\n<p style=\"text-align: justify;\">N\u00e9anmoins, Semroc note que de nombreuses organisations et entreprises se joignent \u00e0 la mission d&rsquo;<strong><em>IC<\/em><\/strong>.\u200b\u200b En effet, de plus en plus d&rsquo;acteurs parmi les plus importants de l&rsquo;industrie participent \u00e0 l&rsquo;effort pour aider les agriculteurs \u00e0 s&rsquo;adapter.<\/p>\n<p style=\"text-align: justify;\">Ces engagements font partie d&rsquo;une vaste initiative appel\u00e9e <strong>\u00ab\u00a0Sustainable Coffee Challenge\u00a0\u00bb<\/strong> avec pour objectif de partager les ressources qui rendent l&rsquo;approvisionnement plus durable et plus transparent.<\/p>\n<h2 style=\"text-align: justify;\">Un objectif \u00e9co-responsable, une implication des consommateurs<\/h2>\n<p style=\"text-align: justify;\">Semroc et <em><strong>CI<\/strong><\/em> ont \u00e9tabli une d\u00e9finition claire de ce qu&rsquo;est une tasse de caf\u00e9 \u00ab\u00a0durable\u00a0\u00bb. En premier lieu, un caf\u00e9 qui am\u00e9liore les moyens de subsistance de ceux qui l&rsquo;ont cultiv\u00e9. Ensuite, une culture qui n&rsquo;a pas besoin de nuire aux ressources naturelles. Atteindre cet id\u00e9al, reste cependant un grand challenge.<\/p>\n<p style=\"text-align: justify;\">En effet, cette qu\u00eate de qualit\u00e9 et de culture durable inclut tous les acteurs de l&rsquo;industrie du caf\u00e9, y compris les consommateurs. En outre, elle implique des labellisations et certifications, gage de qualit\u00e9, d&rsquo;\u00e9co-responsabilit\u00e9 ou encore d&rsquo;\u00e9quitabilit\u00e9. Pour le r\u00f4le du consommateurs, <em><strong>CI<\/strong><\/em> recommande que, en plus de rechercher ces labels \/ certificats, celui-ci prennent l&rsquo;habitude de \u00ab\u00a0poser des questions\u00a0\u00bb.<\/p>\n<p style=\"text-align: justify;\"><em>\u00ab\u00a0Votre travail consiste \u00e0 faire partie du mouvement. Et pour faire partie du mouvement, vous devez poser des questions. Demandez d&rsquo;o\u00f9 vient votre caf\u00e9, qui est le torr\u00e9facteur, comment la marque renforce la durabilit\u00e9. Avec une telle diversit\u00e9 des programmes, la chose la plus importante que vous pouvez faire est de participer au dialogue.\u00a0\u00bb<\/em> nous confie Semroc.<\/p>\n","protected":false},"excerpt":{"rendered":"<p>Le\u00a0 1er\u00a0octobre marquait la Journ\u00e9e Internationale du Caf\u00e9. Une occasion pour les amateurs de caf\u00e9 du monde entier de lever leur tasse \u00e0 leur boisson pr\u00e9f\u00e9r\u00e9e. D&rsquo;abord, lanc\u00e9 il y a trois ans, elle encense les agriculteurs qui rendent possible la culture du caf\u00e9 aujourd&rsquo;hui. Le casse-t\u00eate de la culture du caf\u00e9 Malheureusement, la ferveur &hellip; <a href=\"https:\/\/buenavita.fr\/boutique\/cafe-culture-durable\/\" class=\"more-link\">Continuer la lecture<span class=\"screen-reader-text\"> de &laquo;&nbsp;Le caf\u00e9 pourrait devenir la culture la plus durable du monde&nbsp;&raquo;<\/span><\/a><\/p>\n","protected":false},"author":1,"featured_media":1026,"comment_status":"open","ping_status":"closed","sticky":false,"template":"","format":"standard","meta":{"_acf_changed":false,"footnotes":""},"categories":[1,46],"tags":[],"class_list":["post-1024","post","type-post","status-publish","format-standard","has-post-thumbnail","hentry","category-blog","category-ecologie"],"acf":[],"yoast_head":"<!-- This site is optimized with the Yoast SEO plugin v27.0 - https:\/\/yoast.com\/product\/yoast-seo-wordpress\/ -->\n<title>Le caf\u00e9 pourrait devenir la culture la plus durable du monde - Buenavita<\/title>\n<meta name=\"robots\" content=\"index, follow, max-snippet:-1, max-image-preview:large, max-video-preview:-1\" \/>\n<link rel=\"canonical\" href=\"https:\/\/buenavita.fr\/boutique\/cafe-culture-durable\/\" \/>\n<meta property=\"og:locale\" content=\"fr_FR\" \/>\n<meta property=\"og:type\" content=\"article\" \/>\n<meta property=\"og:title\" content=\"Le caf\u00e9 pourrait devenir la culture la plus durable du monde - Buenavita\" \/>\n<meta property=\"og:description\" content=\"Le\u00a0 1er\u00a0octobre marquait la Journ\u00e9e Internationale du Caf\u00e9. Une occasion pour les amateurs de caf\u00e9 du monde entier de lever leur tasse \u00e0 leur boisson pr\u00e9f\u00e9r\u00e9e. D&rsquo;abord, lanc\u00e9 il y a trois ans, elle encense les agriculteurs qui rendent possible la culture du caf\u00e9 aujourd&rsquo;hui. Le casse-t\u00eate de la culture du caf\u00e9 Malheureusement, la ferveur &hellip; Continuer la lecture de &laquo;&nbsp;Le caf\u00e9 pourrait devenir la culture la plus durable du monde&nbsp;&raquo;\" \/>\n<meta property=\"og:url\" content=\"https:\/\/buenavita.fr\/boutique\/cafe-culture-durable\/\" \/>\n<meta property=\"og:site_name\" content=\"Buenavita\" \/>\n<meta property=\"article:publisher\" content=\"https:\/\/www.facebook.com\/buenavita.cafe\/\" \/>\n<meta property=\"article:published_time\" content=\"2017-10-03T08:10:52+00:00\" \/>\n<meta property=\"article:modified_time\" content=\"2019-01-09T11:56:36+00:00\" \/>\n<meta property=\"og:image\" content=\"https:\/\/buenavita.fr\/wp-content\/uploads\/2017\/10\/cafe-culture-durable.jpg\" \/>\n\t<meta property=\"og:image:width\" content=\"555\" \/>\n\t<meta property=\"og:image:height\" content=\"370\" \/>\n\t<meta property=\"og:image:type\" content=\"image\/jpeg\" \/>\n<meta name=\"author\" content=\"Laurent ROUGIER\" \/>\n<meta name=\"twitter:card\" content=\"summary_large_image\" \/>\n<meta name=\"twitter:creator\" content=\"@CafeBuenavita\" \/>\n<meta name=\"twitter:site\" content=\"@CafeBuenavita\" \/>\n<meta name=\"twitter:label1\" content=\"\u00c9crit par\" \/>\n\t<meta name=\"twitter:data1\" content=\"Laurent ROUGIER\" \/>\n\t<meta name=\"twitter:label2\" content=\"Dur\u00e9e de lecture estim\u00e9e\" \/>\n\t<meta name=\"twitter:data2\" content=\"3 minutes\" \/>\n<script type=\"application\/ld+json\" class=\"yoast-schema-graph\">{\"@context\":\"https:\/\/schema.org\",\"@graph\":[{\"@type\":\"Article\",\"@id\":\"https:\/\/buenavita.fr\/boutique\/cafe-culture-durable\/#article\",\"isPartOf\":{\"@id\":\"https:\/\/buenavita.fr\/boutique\/cafe-culture-durable\/\"},\"author\":{\"name\":\"Laurent ROUGIER\",\"@id\":\"https:\/\/buenavita.fr\/boutique\/#\/schema\/person\/38f35b5166088ed39c2857c2174f8266\"},\"headline\":\"Le caf\u00e9 pourrait devenir la culture la plus durable du monde\",\"datePublished\":\"2017-10-03T08:10:52+00:00\",\"dateModified\":\"2019-01-09T11:56:36+00:00\",\"mainEntityOfPage\":{\"@id\":\"https:\/\/buenavita.fr\/boutique\/cafe-culture-durable\/\"},\"wordCount\":639,\"commentCount\":0,\"image\":{\"@id\":\"https:\/\/buenavita.fr\/boutique\/cafe-culture-durable\/#primaryimage\"},\"thumbnailUrl\":\"https:\/\/buenavita.fr\/wp-content\/uploads\/2017\/10\/cafe-culture-durable.jpg\",\"articleSection\":[\"Blog\",\"L'Ecologie\"],\"inLanguage\":\"fr-FR\",\"potentialAction\":[{\"@type\":\"CommentAction\",\"name\":\"Comment\",\"target\":[\"https:\/\/buenavita.fr\/boutique\/cafe-culture-durable\/#respond\"]}]},{\"@type\":\"WebPage\",\"@id\":\"https:\/\/buenavita.fr\/boutique\/cafe-culture-durable\/\",\"url\":\"https:\/\/buenavita.fr\/boutique\/cafe-culture-durable\/\",\"name\":\"Le caf\u00e9 pourrait devenir la culture la plus durable du monde - Buenavita\",\"isPartOf\":{\"@id\":\"https:\/\/buenavita.fr\/boutique\/#website\"},\"primaryImageOfPage\":{\"@id\":\"https:\/\/buenavita.fr\/boutique\/cafe-culture-durable\/#primaryimage\"},\"image\":{\"@id\":\"https:\/\/buenavita.fr\/boutique\/cafe-culture-durable\/#primaryimage\"},\"thumbnailUrl\":\"https:\/\/buenavita.fr\/wp-content\/uploads\/2017\/10\/cafe-culture-durable.jpg\",\"datePublished\":\"2017-10-03T08:10:52+00:00\",\"dateModified\":\"2019-01-09T11:56:36+00:00\",\"author\":{\"@id\":\"https:\/\/buenavita.fr\/boutique\/#\/schema\/person\/38f35b5166088ed39c2857c2174f8266\"},\"breadcrumb\":{\"@id\":\"https:\/\/buenavita.fr\/boutique\/cafe-culture-durable\/#breadcrumb\"},\"inLanguage\":\"fr-FR\",\"potentialAction\":[{\"@type\":\"ReadAction\",\"target\":[\"https:\/\/buenavita.fr\/boutique\/cafe-culture-durable\/\"]}]},{\"@type\":\"ImageObject\",\"inLanguage\":\"fr-FR\",\"@id\":\"https:\/\/buenavita.fr\/boutique\/cafe-culture-durable\/#primaryimage\",\"url\":\"https:\/\/buenavita.fr\/wp-content\/uploads\/2017\/10\/cafe-culture-durable.jpg\",\"contentUrl\":\"https:\/\/buenavita.fr\/wp-content\/uploads\/2017\/10\/cafe-culture-durable.jpg\",\"width\":555,\"height\":370,\"caption\":\"culture durable\"},{\"@type\":\"BreadcrumbList\",\"@id\":\"https:\/\/buenavita.fr\/boutique\/cafe-culture-durable\/#breadcrumb\",\"itemListElement\":[{\"@type\":\"ListItem\",\"position\":1,\"name\":\"Accueil\",\"item\":\"https:\/\/buenavita.fr\/boutique\/\"},{\"@type\":\"ListItem\",\"position\":2,\"name\":\"Le caf\u00e9 pourrait devenir la culture la plus durable du monde\"}]},{\"@type\":\"WebSite\",\"@id\":\"https:\/\/buenavita.fr\/boutique\/#website\",\"url\":\"https:\/\/buenavita.fr\/boutique\/\",\"name\":\"Buenavita\",\"description\":\"100% plaisir - sans allerg\u00e8ne - Eco responsable\",\"potentialAction\":[{\"@type\":\"SearchAction\",\"target\":{\"@type\":\"EntryPoint\",\"urlTemplate\":\"https:\/\/buenavita.fr\/boutique\/?s={search_term_string}\"},\"query-input\":{\"@type\":\"PropertyValueSpecification\",\"valueRequired\":true,\"valueName\":\"search_term_string\"}}],\"inLanguage\":\"fr-FR\"},{\"@type\":\"Person\",\"@id\":\"https:\/\/buenavita.fr\/boutique\/#\/schema\/person\/38f35b5166088ed39c2857c2174f8266\",\"name\":\"Laurent ROUGIER\",\"url\":\"https:\/\/buenavita.fr\/boutique\/author\/_admin_\/\"}]}<\/script>\n<!-- \/ Yoast SEO plugin. -->","yoast_head_json":{"title":"Le caf\u00e9 pourrait devenir la culture la plus durable du monde - Buenavita","robots":{"index":"index","follow":"follow","max-snippet":"max-snippet:-1","max-image-preview":"max-image-preview:large","max-video-preview":"max-video-preview:-1"},"canonical":"https:\/\/buenavita.fr\/boutique\/cafe-culture-durable\/","og_locale":"fr_FR","og_type":"article","og_title":"Le caf\u00e9 pourrait devenir la culture la plus durable du monde - Buenavita","og_description":"Le\u00a0 1er\u00a0octobre marquait la Journ\u00e9e Internationale du Caf\u00e9. Une occasion pour les amateurs de caf\u00e9 du monde entier de lever leur tasse \u00e0 leur boisson pr\u00e9f\u00e9r\u00e9e. D&rsquo;abord, lanc\u00e9 il y a trois ans, elle encense les agriculteurs qui rendent possible la culture du caf\u00e9 aujourd&rsquo;hui. Le casse-t\u00eate de la culture du caf\u00e9 Malheureusement, la ferveur &hellip; Continuer la lecture de &laquo;&nbsp;Le caf\u00e9 pourrait devenir la culture la plus durable du monde&nbsp;&raquo;","og_url":"https:\/\/buenavita.fr\/boutique\/cafe-culture-durable\/","og_site_name":"Buenavita","article_publisher":"https:\/\/www.facebook.com\/buenavita.cafe\/","article_published_time":"2017-10-03T08:10:52+00:00","article_modified_time":"2019-01-09T11:56:36+00:00","og_image":[{"width":555,"height":370,"url":"https:\/\/buenavita.fr\/wp-content\/uploads\/2017\/10\/cafe-culture-durable.jpg","type":"image\/jpeg"}],"author":"Laurent ROUGIER","twitter_card":"summary_large_image","twitter_creator":"@CafeBuenavita","twitter_site":"@CafeBuenavita","twitter_misc":{"\u00c9crit par":"Laurent ROUGIER","Dur\u00e9e de lecture estim\u00e9e":"3 minutes"},"schema":{"@context":"https:\/\/schema.org","@graph":[{"@type":"Article","@id":"https:\/\/buenavita.fr\/boutique\/cafe-culture-durable\/#article","isPartOf":{"@id":"https:\/\/buenavita.fr\/boutique\/cafe-culture-durable\/"},"author":{"name":"Laurent ROUGIER","@id":"https:\/\/buenavita.fr\/boutique\/#\/schema\/person\/38f35b5166088ed39c2857c2174f8266"},"headline":"Le caf\u00e9 pourrait devenir la culture la plus durable du monde","datePublished":"2017-10-03T08:10:52+00:00","dateModified":"2019-01-09T11:56:36+00:00","mainEntityOfPage":{"@id":"https:\/\/buenavita.fr\/boutique\/cafe-culture-durable\/"},"wordCount":639,"commentCount":0,"image":{"@id":"https:\/\/buenavita.fr\/boutique\/cafe-culture-durable\/#primaryimage"},"thumbnailUrl":"https:\/\/buenavita.fr\/wp-content\/uploads\/2017\/10\/cafe-culture-durable.jpg","articleSection":["Blog","L'Ecologie"],"inLanguage":"fr-FR","potentialAction":[{"@type":"CommentAction","name":"Comment","target":["https:\/\/buenavita.fr\/boutique\/cafe-culture-durable\/#respond"]}]},{"@type":"WebPage","@id":"https:\/\/buenavita.fr\/boutique\/cafe-culture-durable\/","url":"https:\/\/buenavita.fr\/boutique\/cafe-culture-durable\/","name":"Le caf\u00e9 pourrait devenir la culture la plus durable du monde - Buenavita","isPartOf":{"@id":"https:\/\/buenavita.fr\/boutique\/#website"},"primaryImageOfPage":{"@id":"https:\/\/buenavita.fr\/boutique\/cafe-culture-durable\/#primaryimage"},"image":{"@id":"https:\/\/buenavita.fr\/boutique\/cafe-culture-durable\/#primaryimage"},"thumbnailUrl":"https:\/\/buenavita.fr\/wp-content\/uploads\/2017\/10\/cafe-culture-durable.jpg","datePublished":"2017-10-03T08:10:52+00:00","dateModified":"2019-01-09T11:56:36+00:00","author":{"@id":"https:\/\/buenavita.fr\/boutique\/#\/schema\/person\/38f35b5166088ed39c2857c2174f8266"},"breadcrumb":{"@id":"https:\/\/buenavita.fr\/boutique\/cafe-culture-durable\/#breadcrumb"},"inLanguage":"fr-FR","potentialAction":[{"@type":"ReadAction","target":["https:\/\/buenavita.fr\/boutique\/cafe-culture-durable\/"]}]},{"@type":"ImageObject","inLanguage":"fr-FR","@id":"https:\/\/buenavita.fr\/boutique\/cafe-culture-durable\/#primaryimage","url":"https:\/\/buenavita.fr\/wp-content\/uploads\/2017\/10\/cafe-culture-durable.jpg","contentUrl":"https:\/\/buenavita.fr\/wp-content\/uploads\/2017\/10\/cafe-culture-durable.jpg","width":555,"height":370,"caption":"culture durable"},{"@type":"BreadcrumbList","@id":"https:\/\/buenavita.fr\/boutique\/cafe-culture-durable\/#breadcrumb","itemListElement":[{"@type":"ListItem","position":1,"name":"Accueil","item":"https:\/\/buenavita.fr\/boutique\/"},{"@type":"ListItem","position":2,"name":"Le caf\u00e9 pourrait devenir la culture la plus durable du monde"}]},{"@type":"WebSite","@id":"https:\/\/buenavita.fr\/boutique\/#website","url":"https:\/\/buenavita.fr\/boutique\/","name":"Buenavita","description":"100% plaisir - sans allerg\u00e8ne - Eco responsable","potentialAction":[{"@type":"SearchAction","target":{"@type":"EntryPoint","urlTemplate":"https:\/\/buenavita.fr\/boutique\/?s={search_term_string}"},"query-input":{"@type":"PropertyValueSpecification","valueRequired":true,"valueName":"search_term_string"}}],"inLanguage":"fr-FR"},{"@type":"Person","@id":"https:\/\/buenavita.fr\/boutique\/#\/schema\/person\/38f35b5166088ed39c2857c2174f8266","name":"Laurent ROUGIER","url":"https:\/\/buenavita.fr\/boutique\/author\/_admin_\/"}]}},"jetpack_featured_media_url":"https:\/\/buenavita.fr\/wp-content\/uploads\/2017\/10\/cafe-culture-durable.jpg","_links":{"self":[{"href":"https:\/\/buenavita.fr\/boutique\/wp-json\/wp\/v2\/posts\/1024","targetHints":{"allow":["GET"]}}],"collection":[{"href":"https:\/\/buenavita.fr\/boutique\/wp-json\/wp\/v2\/posts"}],"about":[{"href":"https:\/\/buenavita.fr\/boutique\/wp-json\/wp\/v2\/types\/post"}],"author":[{"embeddable":true,"href":"https:\/\/buenavita.fr\/boutique\/wp-json\/wp\/v2\/users\/1"}],"replies":[{"embeddable":true,"href":"https:\/\/buenavita.fr\/boutique\/wp-json\/wp\/v2\/comments?post=1024"}],"version-history":[{"count":4,"href":"https:\/\/buenavita.fr\/boutique\/wp-json\/wp\/v2\/posts\/1024\/revisions"}],"predecessor-version":[{"id":1040,"href":"https:\/\/buenavita.fr\/boutique\/wp-json\/wp\/v2\/posts\/1024\/revisions\/1040"}],"wp:featuredmedia":[{"embeddable":true,"href":"https:\/\/buenavita.fr\/boutique\/wp-json\/wp\/v2\/media\/1026"}],"wp:attachment":[{"href":"https:\/\/buenavita.fr\/boutique\/wp-json\/wp\/v2\/media?parent=1024"}],"wp:term":[{"taxonomy":"category","embeddable":true,"href":"https:\/\/buenavita.fr\/boutique\/wp-json\/wp\/v2\/categories?post=1024"},{"taxonomy":"post_tag","embeddable":true,"href":"https:\/\/buenavita.fr\/boutique\/wp-json\/wp\/v2\/tags?post=1024"}],"curies":[{"name":"wp","href":"https:\/\/api.w.org\/{rel}","templated":true}]}}